{"id":173,"date":"2021-07-19T15:23:00","date_gmt":"2021-07-19T15:23:00","guid":{"rendered":"https:\/\/jnk.ch\/voyage\/?p=173"},"modified":"2021-07-27T15:32:48","modified_gmt":"2021-07-27T15:32:48","slug":"au-cinquieme-jour-nos-sacs-sont-enfin-la","status":"publish","type":"post","link":"https:\/\/jnk.ch\/voyage\/index.php\/2021\/07\/19\/au-cinquieme-jour-nos-sacs-sont-enfin-la\/","title":{"rendered":"Au cinqui\u00e8me jour, nos sacs sont enfin l\u00e0!!!"},"content":{"rendered":"\n<p>Apr\u00e8s quatre jours sans la moindre information claire, durant lesquels nous nous entendions dire que nos bagages arriveraient le lendemain, on commen\u00e7ait \u00e0 ne plus y croire&#8230; Mais ils sont finalement arriv\u00e9s ce lundi apr\u00e8s midi et c\u2019est un sacr\u00e9 soulagement! On a donc retrouv\u00e9 avec bonheur nos fringues, nos \u00e9quipements et les bobines de nos potes, avant de f\u00eater cette heureuse nouvelle \u00e0 l\u2019heure de l\u2019ap\u00e9ro \ud83d\ude09<\/p>\n\n\n\n<p>Au final, cette m\u00e9saventure nous aura offert une immersion acc\u00e9l\u00e9r\u00e9e dans la vie locale, tant au niveau des modes vestimentaires que du fonctionnement administratif. Mais m\u00eame si nos nerfs ont \u00e9t\u00e9 mis \u00e0 rude \u00e9preuve par le bureau des bagages de l\u2019a\u00e9roport de Zanzibar, la palme d\u2019or revient indiscutablement \u00e0  la hotline d\u2019Austrian Airlines: au total, nous avons subi en boucle l\u2019air de Strauss de leur r\u00e9pondeur pendant plus d\u2019une heure jusqu\u2019\u00e0 ce qu\u2019enfin quelqu\u2019un d\u00e9croche (\u00e9videmment sans pouvoir r\u00e9pondre, \u00e7a aurait \u00e9t\u00e9 dommage) !<\/p>\n","protected":false},"excerpt":{"rendered":"<p>Apr\u00e8s quatre jours sans la moindre information claire, durant lesquels nous nous entendions dire que nos bagages arriveraient le lendemain, on commen\u00e7ait \u00e0 ne plus y croire&#8230; Mais ils sont finalement arriv\u00e9s ce lundi apr\u00e8s midi et c\u2019est un sacr\u00e9 soulagement! On a donc retrouv\u00e9 avec bonheur nos fringues, nos \u00e9quipements et les bobines de nos potes, avant de f\u00eater cette heureuse nouvelle \u00e0 l\u2019heure de l\u2019ap\u00e9ro \ud83d\ude09 Au final, cette m\u00e9saventure nous aura offert une immersion acc\u00e9l\u00e9r\u00e9e dans la vie locale, tant au niveau des modes vestimentaires que du fonctionnement administratif. Mais m\u00eame si nos nerfs ont \u00e9t\u00e9 mis \u00e0 rude \u00e9preuve par le bureau des bagages de l\u2019a\u00e9roport de Zanzibar, la palme d\u2019or revient indiscutablement \u00e0 la hotline d\u2019Austrian Airlines: au total, nous avons subi en boucle l\u2019air de Strauss de leur r\u00e9pondeur pendant plus d\u2019une heure jusqu\u2019\u00e0 ce qu\u2019enfin quelqu\u2019un d\u00e9croche (\u00e9videmment sans pouvoir r\u00e9pondre, \u00e7a aurait \u00e9t\u00e9 dommage) !<\/p>\n","protected":false},"author":1,"featured_media":342,"comment_status":"closed","ping_status":"closed","sticky":false,"template":"","format":"standard","meta":{"footnotes":""},"categories":[1],"tags":[],"class_list":["post-173","post","type-post","status-publish","format-standard","has-post-thumbnail","hentry","category-etapesdevoyage"],"yoast_head":"<!-- This site is optimized with the Yoast SEO plugin v18.5.1 - https:\/\/yoast.com\/wordpress\/plugins\/seo\/ -->\n<title>Au cinqui\u00e8me jour, nos sacs sont enfin l\u00e0!!! - La grande aventure...<\/title>\n<meta name=\"robots\" content=\"noindex, follow\" \/>\n<meta property=\"og:locale\" content=\"fr_FR\" \/>\n<meta property=\"og:type\" content=\"article\" \/>\n<meta property=\"og:title\" content=\"Au cinqui\u00e8me jour, nos sacs sont enfin l\u00e0!!! - La grande aventure...\" \/>\n<meta property=\"og:description\" content=\"Apr\u00e8s quatre jours sans la moindre information claire, durant lesquels nous nous entendions dire que nos bagages arriveraient le lendemain, on commen\u00e7ait \u00e0 ne plus y croire&#8230; Mais ils sont finalement arriv\u00e9s ce lundi apr\u00e8s midi et c\u2019est un sacr\u00e9 soulagement! On a donc retrouv\u00e9 avec bonheur nos fringues, nos \u00e9quipements et les bobines de nos potes, avant de f\u00eater cette heureuse nouvelle \u00e0 l\u2019heure de l\u2019ap\u00e9ro \ud83d\ude09 Au final, cette m\u00e9saventure nous aura offert une immersion acc\u00e9l\u00e9r\u00e9e dans la vie locale, tant au niveau des modes vestimentaires que du fonctionnement administratif. Mais m\u00eame si nos nerfs ont \u00e9t\u00e9 mis \u00e0 rude \u00e9preuve par le bureau des bagages de l\u2019a\u00e9roport de Zanzibar, la palme d\u2019or revient indiscutablement \u00e0 la hotline d\u2019Austrian Airlines: au total, nous avons subi en boucle l\u2019air de Strauss de leur r\u00e9pondeur pendant plus d\u2019une heure jusqu\u2019\u00e0 ce qu\u2019enfin quelqu\u2019un d\u00e9croche (\u00e9videmment sans pouvoir r\u00e9pondre, \u00e7a aurait \u00e9t\u00e9 dommage) !\" \/>\n<meta property=\"og:url\" content=\"https:\/\/jnk.ch\/voyage\/index.php\/2021\/07\/19\/au-cinquieme-jour-nos-sacs-sont-enfin-la\/\" \/>\n<meta property=\"og:site_name\" content=\"La grande aventure...\" \/>\n<meta property=\"article:published_time\" content=\"2021-07-19T15:23:00+00:00\" \/>\n<meta property=\"article:modified_time\" content=\"2021-07-27T15:32:48+00:00\" \/>\n<meta property=\"og:image\" content=\"https:\/\/jnk.ch\/voyage\/wp-content\/uploads\/2021\/07\/73CA38A0-0862-4B11-AE43-A992490A7E1B-scaled.jpeg\" \/>\n\t<meta property=\"og:image:width\" content=\"2560\" \/>\n\t<meta property=\"og:image:height\" content=\"1799\" \/>\n\t<meta property=\"og:image:type\" content=\"image\/jpeg\" \/>\n<meta name=\"twitter:card\" content=\"summary_large_image\" \/>\n<meta name=\"twitter:label1\" content=\"\u00c9crit par\" \/>\n\t<meta name=\"twitter:data1\" content=\"admin\" \/>\n\t<meta name=\"twitter:label2\" content=\"Dur\u00e9e de lecture estim\u00e9e\" \/>\n\t<meta name=\"twitter:data2\" content=\"1 minute\" \/>\n<script type=\"application\/ld+json\" class=\"yoast-schema-graph\">{\"@context\":\"https:\/\/schema.org\",\"@graph\":[{\"@type\":\"WebSite\",\"@id\":\"https:\/\/jnk.ch\/voyage\/#website\",\"url\":\"https:\/\/jnk.ch\/voyage\/\",\"name\":\"La grande aventure...\",\"description\":\"Suivez notre p\u00e9riple \u00e0 la d\u00e9couverte du vaste monde!\",\"potentialAction\":[{\"@type\":\"SearchAction\",\"target\":{\"@type\":\"EntryPoint\",\"urlTemplate\":\"https:\/\/jnk.ch\/voyage\/?s={search_term_string}\"},\"query-input\":\"required name=search_term_string\"}],\"inLanguage\":\"fr-FR\"},{\"@type\":\"ImageObject\",\"@id\":\"https:\/\/jnk.ch\/voyage\/index.php\/2021\/07\/19\/au-cinquieme-jour-nos-sacs-sont-enfin-la\/#primaryimage\",\"inLanguage\":\"fr-FR\",\"url\":\"https:\/\/jnk.ch\/voyage\/wp-content\/uploads\/2021\/07\/73CA38A0-0862-4B11-AE43-A992490A7E1B-scaled.jpeg\",\"contentUrl\":\"https:\/\/jnk.ch\/voyage\/wp-content\/uploads\/2021\/07\/73CA38A0-0862-4B11-AE43-A992490A7E1B-scaled.jpeg\",\"width\":2560,\"height\":1799},{\"@type\":\"WebPage\",\"@id\":\"https:\/\/jnk.ch\/voyage\/index.php\/2021\/07\/19\/au-cinquieme-jour-nos-sacs-sont-enfin-la\/#webpage\",\"url\":\"https:\/\/jnk.ch\/voyage\/index.php\/2021\/07\/19\/au-cinquieme-jour-nos-sacs-sont-enfin-la\/\",\"name\":\"Au cinqui\u00e8me jour, nos sacs sont enfin l\u00e0!!! - La grande aventure...\",\"isPartOf\":{\"@id\":\"https:\/\/jnk.ch\/voyage\/#website\"},\"primaryImageOfPage\":{\"@id\":\"https:\/\/jnk.ch\/voyage\/index.php\/2021\/07\/19\/au-cinquieme-jour-nos-sacs-sont-enfin-la\/#primaryimage\"},\"datePublished\":\"2021-07-19T15:23:00+00:00\",\"dateModified\":\"2021-07-27T15:32:48+00:00\",\"author\":{\"@id\":\"https:\/\/jnk.ch\/voyage\/#\/schema\/person\/585b3f403012bd88d128a6c995987a80\"},\"breadcrumb\":{\"@id\":\"https:\/\/jnk.ch\/voyage\/index.php\/2021\/07\/19\/au-cinquieme-jour-nos-sacs-sont-enfin-la\/#breadcrumb\"},\"inLanguage\":\"fr-FR\",\"potentialAction\":[{\"@type\":\"ReadAction\",\"target\":[\"https:\/\/jnk.ch\/voyage\/index.php\/2021\/07\/19\/au-cinquieme-jour-nos-sacs-sont-enfin-la\/\"]}]},{\"@type\":\"BreadcrumbList\",\"@id\":\"https:\/\/jnk.ch\/voyage\/index.php\/2021\/07\/19\/au-cinquieme-jour-nos-sacs-sont-enfin-la\/#breadcrumb\",\"itemListElement\":[{\"@type\":\"ListItem\",\"position\":1,\"name\":\"Accueil\",\"item\":\"https:\/\/jnk.ch\/voyage\/\"},{\"@type\":\"ListItem\",\"position\":2,\"name\":\"Au cinqui\u00e8me jour, nos sacs sont enfin l\u00e0!!!\"}]},{\"@type\":\"Person\",\"@id\":\"https:\/\/jnk.ch\/voyage\/#\/schema\/person\/585b3f403012bd88d128a6c995987a80\",\"name\":\"admin\",\"sameAs\":[\"https:\/\/jnk.ch\/voyage\"],\"url\":\"https:\/\/jnk.ch\/voyage\/index.php\/author\/leskarakash\/\"}]}<\/script>\n<!-- \/ Yoast SEO plugin. -->","yoast_head_json":{"title":"Au cinqui\u00e8me jour, nos sacs sont enfin l\u00e0!!! - La grande aventure...","robots":{"index":"noindex","follow":"follow"},"og_locale":"fr_FR","og_type":"article","og_title":"Au cinqui\u00e8me jour, nos sacs sont enfin l\u00e0!!! - La grande aventure...","og_description":"Apr\u00e8s quatre jours sans la moindre information claire, durant lesquels nous nous entendions dire que nos bagages arriveraient le lendemain, on commen\u00e7ait \u00e0 ne plus y croire&#8230; Mais ils sont finalement arriv\u00e9s ce lundi apr\u00e8s midi et c\u2019est un sacr\u00e9 soulagement! On a donc retrouv\u00e9 avec bonheur nos fringues, nos \u00e9quipements et les bobines de nos potes, avant de f\u00eater cette heureuse nouvelle \u00e0 l\u2019heure de l\u2019ap\u00e9ro \ud83d\ude09 Au final, cette m\u00e9saventure nous aura offert une immersion acc\u00e9l\u00e9r\u00e9e dans la vie locale, tant au niveau des modes vestimentaires que du fonctionnement administratif. Mais m\u00eame si nos nerfs ont \u00e9t\u00e9 mis \u00e0 rude \u00e9preuve par le bureau des bagages de l\u2019a\u00e9roport de Zanzibar, la palme d\u2019or revient indiscutablement \u00e0 la hotline d\u2019Austrian Airlines: au total, nous avons subi en boucle l\u2019air de Strauss de leur r\u00e9pondeur pendant plus d\u2019une heure jusqu\u2019\u00e0 ce qu\u2019enfin quelqu\u2019un d\u00e9croche (\u00e9videmment sans pouvoir r\u00e9pondre, \u00e7a aurait \u00e9t\u00e9 dommage) !","og_url":"https:\/\/jnk.ch\/voyage\/index.php\/2021\/07\/19\/au-cinquieme-jour-nos-sacs-sont-enfin-la\/","og_site_name":"La grande aventure...","article_published_time":"2021-07-19T15:23:00+00:00","article_modified_time":"2021-07-27T15:32:48+00:00","og_image":[{"width":2560,"height":1799,"url":"https:\/\/jnk.ch\/voyage\/wp-content\/uploads\/2021\/07\/73CA38A0-0862-4B11-AE43-A992490A7E1B-scaled.jpeg","type":"image\/jpeg"}],"twitter_card":"summary_large_image","twitter_misc":{"\u00c9crit par":"admin","Dur\u00e9e de lecture estim\u00e9e":"1 minute"},"schema":{"@context":"https:\/\/schema.org","@graph":[{"@type":"WebSite","@id":"https:\/\/jnk.ch\/voyage\/#website","url":"https:\/\/jnk.ch\/voyage\/","name":"La grande aventure...","description":"Suivez notre p\u00e9riple \u00e0 la d\u00e9couverte du vaste monde!","potentialAction":[{"@type":"SearchAction","target":{"@type":"EntryPoint","urlTemplate":"https:\/\/jnk.ch\/voyage\/?s={search_term_string}"},"query-input":"required name=search_term_string"}],"inLanguage":"fr-FR"},{"@type":"ImageObject","@id":"https:\/\/jnk.ch\/voyage\/index.php\/2021\/07\/19\/au-cinquieme-jour-nos-sacs-sont-enfin-la\/#primaryimage","inLanguage":"fr-FR","url":"https:\/\/jnk.ch\/voyage\/wp-content\/uploads\/2021\/07\/73CA38A0-0862-4B11-AE43-A992490A7E1B-scaled.jpeg","contentUrl":"https:\/\/jnk.ch\/voyage\/wp-content\/uploads\/2021\/07\/73CA38A0-0862-4B11-AE43-A992490A7E1B-scaled.jpeg","width":2560,"height":1799},{"@type":"WebPage","@id":"https:\/\/jnk.ch\/voyage\/index.php\/2021\/07\/19\/au-cinquieme-jour-nos-sacs-sont-enfin-la\/#webpage","url":"https:\/\/jnk.ch\/voyage\/index.php\/2021\/07\/19\/au-cinquieme-jour-nos-sacs-sont-enfin-la\/","name":"Au cinqui\u00e8me jour, nos sacs sont enfin l\u00e0!!! - La grande aventure...","isPartOf":{"@id":"https:\/\/jnk.ch\/voyage\/#website"},"primaryImageOfPage":{"@id":"https:\/\/jnk.ch\/voyage\/index.php\/2021\/07\/19\/au-cinquieme-jour-nos-sacs-sont-enfin-la\/#primaryimage"},"datePublished":"2021-07-19T15:23:00+00:00","dateModified":"2021-07-27T15:32:48+00:00","author":{"@id":"https:\/\/jnk.ch\/voyage\/#\/schema\/person\/585b3f403012bd88d128a6c995987a80"},"breadcrumb":{"@id":"https:\/\/jnk.ch\/voyage\/index.php\/2021\/07\/19\/au-cinquieme-jour-nos-sacs-sont-enfin-la\/#breadcrumb"},"inLanguage":"fr-FR","potentialAction":[{"@type":"ReadAction","target":["https:\/\/jnk.ch\/voyage\/index.php\/2021\/07\/19\/au-cinquieme-jour-nos-sacs-sont-enfin-la\/"]}]},{"@type":"BreadcrumbList","@id":"https:\/\/jnk.ch\/voyage\/index.php\/2021\/07\/19\/au-cinquieme-jour-nos-sacs-sont-enfin-la\/#breadcrumb","itemListElement":[{"@type":"ListItem","position":1,"name":"Accueil","item":"https:\/\/jnk.ch\/voyage\/"},{"@type":"ListItem","position":2,"name":"Au cinqui\u00e8me jour, nos sacs sont enfin l\u00e0!!!"}]},{"@type":"Person","@id":"https:\/\/jnk.ch\/voyage\/#\/schema\/person\/585b3f403012bd88d128a6c995987a80","name":"admin","sameAs":["https:\/\/jnk.ch\/voyage"],"url":"https:\/\/jnk.ch\/voyage\/index.php\/author\/leskarakash\/"}]}},"_links":{"self":[{"href":"https:\/\/jnk.ch\/voyage\/index.php\/wp-json\/wp\/v2\/posts\/173","targetHints":{"allow":["GET"]}}],"collection":[{"href":"https:\/\/jnk.ch\/voyage\/index.php\/wp-json\/wp\/v2\/posts"}],"about":[{"href":"https:\/\/jnk.ch\/voyage\/index.php\/wp-json\/wp\/v2\/types\/post"}],"author":[{"embeddable":true,"href":"https:\/\/jnk.ch\/voyage\/index.php\/wp-json\/wp\/v2\/users\/1"}],"replies":[{"embeddable":true,"href":"https:\/\/jnk.ch\/voyage\/index.php\/wp-json\/wp\/v2\/comments?post=173"}],"version-history":[{"count":3,"href":"https:\/\/jnk.ch\/voyage\/index.php\/wp-json\/wp\/v2\/posts\/173\/revisions"}],"predecessor-version":[{"id":178,"href":"https:\/\/jnk.ch\/voyage\/index.php\/wp-json\/wp\/v2\/posts\/173\/revisions\/178"}],"wp:featuredmedia":[{"embeddable":true,"href":"https:\/\/jnk.ch\/voyage\/index.php\/wp-json\/wp\/v2\/media\/342"}],"wp:attachment":[{"href":"https:\/\/jnk.ch\/voyage\/index.php\/wp-json\/wp\/v2\/media?parent=173"}],"wp:term":[{"taxonomy":"category","embeddable":true,"href":"https:\/\/jnk.ch\/voyage\/index.php\/wp-json\/wp\/v2\/categories?post=173"},{"taxonomy":"post_tag","embeddable":true,"href":"https:\/\/jnk.ch\/voyage\/index.php\/wp-json\/wp\/v2\/tags?post=173"}],"curies":[{"name":"wp","href":"https:\/\/api.w.org\/{rel}","templated":true}]}}