{"id":23,"date":"2021-07-14T08:30:14","date_gmt":"2021-07-14T08:30:14","guid":{"rendered":"https:\/\/jnk.ch\/voyage\/?p=23"},"modified":"2021-07-14T08:41:30","modified_gmt":"2021-07-14T08:41:30","slug":"nos-sacs-sont-prets","status":"publish","type":"post","link":"https:\/\/jnk.ch\/voyage\/index.php\/2021\/07\/14\/nos-sacs-sont-prets\/","title":{"rendered":"Nos sacs sont pr\u00eats!"},"content":{"rendered":"\n<p>\u00c7a y est, tout est dedans, les quatre sacs \u00e0 dos ont pris le train avec nous ce mercredi 14 juillet, pour un long voyage jusqu\u2019\u00e0 Gen\u00e8ve, puis de Gen\u00e8ve \u00e0 Vienne, puis de Vienne \u00e0 Addis Abeba et enfin d&rsquo;Addis Abeba \u00e0 Stone Town sur l&rsquo;\u00eele de Zanzibar, o\u00f9 nous devrions rester une dizaine de jours.<\/p>\n\n\n\n<p>Avec nous, quelques fringues bien s\u00e9lectionn\u00e9es, une cam\u00e9ra, un Mac book air, nos t\u00e9l\u00e9phones et un chargeur solaire. Mais aussi notre kit de survie, avec des badges \u00e0 l&rsquo;effigie de nos potes g\u00e9n\u00e9ralistes, nos couteaux suisses et toute une s\u00e9rie d&rsquo;\u00e9quipements essentiels. C&rsquo;est parti!<\/p>\n","protected":false},"excerpt":{"rendered":"<p>\u00c7a y est, tout est dedans, les quatre sacs \u00e0 dos ont pris le train avec nous ce mercredi 14 juillet, pour un long voyage jusqu\u2019\u00e0 Gen\u00e8ve, puis de Gen\u00e8ve \u00e0 Vienne, puis de Vienne \u00e0 Addis Abeba et enfin d&rsquo;Addis Abeba \u00e0 Stone Town sur l&rsquo;\u00eele de Zanzibar, o\u00f9 nous devrions rester une dizaine de jours. Avec nous, quelques fringues bien s\u00e9lectionn\u00e9es, une cam\u00e9ra, un Mac book air, nos t\u00e9l\u00e9phones et un chargeur solaire. Mais aussi notre kit de survie, avec des badges \u00e0 l&rsquo;effigie de nos potes g\u00e9n\u00e9ralistes, nos couteaux suisses et toute une s\u00e9rie d&rsquo;\u00e9quipements essentiels. C&rsquo;est parti!<\/p>\n","protected":false},"author":1,"featured_media":78,"comment_status":"closed","ping_status":"closed","sticky":false,"template":"","format":"standard","meta":{"footnotes":""},"categories":[1],"tags":[],"class_list":["post-23","post","type-post","status-publish","format-standard","has-post-thumbnail","hentry","category-etapesdevoyage"],"yoast_head":"<!-- This site is optimized with the Yoast SEO plugin v18.5.1 - https:\/\/yoast.com\/wordpress\/plugins\/seo\/ -->\n<title>Nos sacs sont pr\u00eats! - La grande aventure...<\/title>\n<meta name=\"robots\" content=\"noindex, follow\" \/>\n<meta property=\"og:locale\" content=\"fr_FR\" \/>\n<meta property=\"og:type\" content=\"article\" \/>\n<meta property=\"og:title\" content=\"Nos sacs sont pr\u00eats! - La grande aventure...\" \/>\n<meta property=\"og:description\" content=\"\u00c7a y est, tout est dedans, les quatre sacs \u00e0 dos ont pris le train avec nous ce mercredi 14 juillet, pour un long voyage jusqu\u2019\u00e0 Gen\u00e8ve, puis de Gen\u00e8ve \u00e0 Vienne, puis de Vienne \u00e0 Addis Abeba et enfin d&rsquo;Addis Abeba \u00e0 Stone Town sur l&rsquo;\u00eele de Zanzibar, o\u00f9 nous devrions rester une dizaine de jours. Avec nous, quelques fringues bien s\u00e9lectionn\u00e9es, une cam\u00e9ra, un Mac book air, nos t\u00e9l\u00e9phones et un chargeur solaire. Mais aussi notre kit de survie, avec des badges \u00e0 l&rsquo;effigie de nos potes g\u00e9n\u00e9ralistes, nos couteaux suisses et toute une s\u00e9rie d&rsquo;\u00e9quipements essentiels. C&rsquo;est parti!\" \/>\n<meta property=\"og:url\" content=\"https:\/\/jnk.ch\/voyage\/index.php\/2021\/07\/14\/nos-sacs-sont-prets\/\" \/>\n<meta property=\"og:site_name\" content=\"La grande aventure...\" \/>\n<meta property=\"article:published_time\" content=\"2021-07-14T08:30:14+00:00\" \/>\n<meta property=\"article:modified_time\" content=\"2021-07-14T08:41:30+00:00\" \/>\n<meta property=\"og:image\" content=\"https:\/\/jnk.ch\/voyage\/wp-content\/uploads\/2021\/07\/196AF036-11CF-49BC-AD17-BF748F3ED249.jpeg\" \/>\n\t<meta property=\"og:image:width\" content=\"1137\" \/>\n\t<meta property=\"og:image:height\" content=\"695\" \/>\n\t<meta property=\"og:image:type\" content=\"image\/jpeg\" \/>\n<meta name=\"twitter:card\" content=\"summary_large_image\" \/>\n<meta name=\"twitter:label1\" content=\"\u00c9crit par\" \/>\n\t<meta name=\"twitter:data1\" content=\"admin\" \/>\n\t<meta name=\"twitter:label2\" content=\"Dur\u00e9e de lecture estim\u00e9e\" \/>\n\t<meta name=\"twitter:data2\" content=\"1 minute\" \/>\n<script type=\"application\/ld+json\" class=\"yoast-schema-graph\">{\"@context\":\"https:\/\/schema.org\",\"@graph\":[{\"@type\":\"WebSite\",\"@id\":\"https:\/\/jnk.ch\/voyage\/#website\",\"url\":\"https:\/\/jnk.ch\/voyage\/\",\"name\":\"La grande aventure...\",\"description\":\"Suivez notre p\u00e9riple \u00e0 la d\u00e9couverte du vaste monde!\",\"potentialAction\":[{\"@type\":\"SearchAction\",\"target\":{\"@type\":\"EntryPoint\",\"urlTemplate\":\"https:\/\/jnk.ch\/voyage\/?s={search_term_string}\"},\"query-input\":\"required name=search_term_string\"}],\"inLanguage\":\"fr-FR\"},{\"@type\":\"ImageObject\",\"@id\":\"https:\/\/jnk.ch\/voyage\/index.php\/2021\/07\/14\/nos-sacs-sont-prets\/#primaryimage\",\"inLanguage\":\"fr-FR\",\"url\":\"https:\/\/jnk.ch\/voyage\/wp-content\/uploads\/2021\/07\/196AF036-11CF-49BC-AD17-BF748F3ED249.jpeg\",\"contentUrl\":\"https:\/\/jnk.ch\/voyage\/wp-content\/uploads\/2021\/07\/196AF036-11CF-49BC-AD17-BF748F3ED249.jpeg\",\"width\":1137,\"height\":695},{\"@type\":\"WebPage\",\"@id\":\"https:\/\/jnk.ch\/voyage\/index.php\/2021\/07\/14\/nos-sacs-sont-prets\/#webpage\",\"url\":\"https:\/\/jnk.ch\/voyage\/index.php\/2021\/07\/14\/nos-sacs-sont-prets\/\",\"name\":\"Nos sacs sont pr\u00eats! - La grande aventure...\",\"isPartOf\":{\"@id\":\"https:\/\/jnk.ch\/voyage\/#website\"},\"primaryImageOfPage\":{\"@id\":\"https:\/\/jnk.ch\/voyage\/index.php\/2021\/07\/14\/nos-sacs-sont-prets\/#primaryimage\"},\"datePublished\":\"2021-07-14T08:30:14+00:00\",\"dateModified\":\"2021-07-14T08:41:30+00:00\",\"author\":{\"@id\":\"https:\/\/jnk.ch\/voyage\/#\/schema\/person\/585b3f403012bd88d128a6c995987a80\"},\"breadcrumb\":{\"@id\":\"https:\/\/jnk.ch\/voyage\/index.php\/2021\/07\/14\/nos-sacs-sont-prets\/#breadcrumb\"},\"inLanguage\":\"fr-FR\",\"potentialAction\":[{\"@type\":\"ReadAction\",\"target\":[\"https:\/\/jnk.ch\/voyage\/index.php\/2021\/07\/14\/nos-sacs-sont-prets\/\"]}]},{\"@type\":\"BreadcrumbList\",\"@id\":\"https:\/\/jnk.ch\/voyage\/index.php\/2021\/07\/14\/nos-sacs-sont-prets\/#breadcrumb\",\"itemListElement\":[{\"@type\":\"ListItem\",\"position\":1,\"name\":\"Accueil\",\"item\":\"https:\/\/jnk.ch\/voyage\/\"},{\"@type\":\"ListItem\",\"position\":2,\"name\":\"Nos sacs sont pr\u00eats!\"}]},{\"@type\":\"Person\",\"@id\":\"https:\/\/jnk.ch\/voyage\/#\/schema\/person\/585b3f403012bd88d128a6c995987a80\",\"name\":\"admin\",\"sameAs\":[\"https:\/\/jnk.ch\/voyage\"],\"url\":\"https:\/\/jnk.ch\/voyage\/index.php\/author\/leskarakash\/\"}]}<\/script>\n<!-- \/ Yoast SEO plugin. -->","yoast_head_json":{"title":"Nos sacs sont pr\u00eats! - La grande aventure...","robots":{"index":"noindex","follow":"follow"},"og_locale":"fr_FR","og_type":"article","og_title":"Nos sacs sont pr\u00eats! - La grande aventure...","og_description":"\u00c7a y est, tout est dedans, les quatre sacs \u00e0 dos ont pris le train avec nous ce mercredi 14 juillet, pour un long voyage jusqu\u2019\u00e0 Gen\u00e8ve, puis de Gen\u00e8ve \u00e0 Vienne, puis de Vienne \u00e0 Addis Abeba et enfin d&rsquo;Addis Abeba \u00e0 Stone Town sur l&rsquo;\u00eele de Zanzibar, o\u00f9 nous devrions rester une dizaine de jours. Avec nous, quelques fringues bien s\u00e9lectionn\u00e9es, une cam\u00e9ra, un Mac book air, nos t\u00e9l\u00e9phones et un chargeur solaire. Mais aussi notre kit de survie, avec des badges \u00e0 l&rsquo;effigie de nos potes g\u00e9n\u00e9ralistes, nos couteaux suisses et toute une s\u00e9rie d&rsquo;\u00e9quipements essentiels. C&rsquo;est parti!","og_url":"https:\/\/jnk.ch\/voyage\/index.php\/2021\/07\/14\/nos-sacs-sont-prets\/","og_site_name":"La grande aventure...","article_published_time":"2021-07-14T08:30:14+00:00","article_modified_time":"2021-07-14T08:41:30+00:00","og_image":[{"width":1137,"height":695,"url":"https:\/\/jnk.ch\/voyage\/wp-content\/uploads\/2021\/07\/196AF036-11CF-49BC-AD17-BF748F3ED249.jpeg","type":"image\/jpeg"}],"twitter_card":"summary_large_image","twitter_misc":{"\u00c9crit par":"admin","Dur\u00e9e de lecture estim\u00e9e":"1 minute"},"schema":{"@context":"https:\/\/schema.org","@graph":[{"@type":"WebSite","@id":"https:\/\/jnk.ch\/voyage\/#website","url":"https:\/\/jnk.ch\/voyage\/","name":"La grande aventure...","description":"Suivez notre p\u00e9riple \u00e0 la d\u00e9couverte du vaste monde!","potentialAction":[{"@type":"SearchAction","target":{"@type":"EntryPoint","urlTemplate":"https:\/\/jnk.ch\/voyage\/?s={search_term_string}"},"query-input":"required name=search_term_string"}],"inLanguage":"fr-FR"},{"@type":"ImageObject","@id":"https:\/\/jnk.ch\/voyage\/index.php\/2021\/07\/14\/nos-sacs-sont-prets\/#primaryimage","inLanguage":"fr-FR","url":"https:\/\/jnk.ch\/voyage\/wp-content\/uploads\/2021\/07\/196AF036-11CF-49BC-AD17-BF748F3ED249.jpeg","contentUrl":"https:\/\/jnk.ch\/voyage\/wp-content\/uploads\/2021\/07\/196AF036-11CF-49BC-AD17-BF748F3ED249.jpeg","width":1137,"height":695},{"@type":"WebPage","@id":"https:\/\/jnk.ch\/voyage\/index.php\/2021\/07\/14\/nos-sacs-sont-prets\/#webpage","url":"https:\/\/jnk.ch\/voyage\/index.php\/2021\/07\/14\/nos-sacs-sont-prets\/","name":"Nos sacs sont pr\u00eats! - La grande aventure...","isPartOf":{"@id":"https:\/\/jnk.ch\/voyage\/#website"},"primaryImageOfPage":{"@id":"https:\/\/jnk.ch\/voyage\/index.php\/2021\/07\/14\/nos-sacs-sont-prets\/#primaryimage"},"datePublished":"2021-07-14T08:30:14+00:00","dateModified":"2021-07-14T08:41:30+00:00","author":{"@id":"https:\/\/jnk.ch\/voyage\/#\/schema\/person\/585b3f403012bd88d128a6c995987a80"},"breadcrumb":{"@id":"https:\/\/jnk.ch\/voyage\/index.php\/2021\/07\/14\/nos-sacs-sont-prets\/#breadcrumb"},"inLanguage":"fr-FR","potentialAction":[{"@type":"ReadAction","target":["https:\/\/jnk.ch\/voyage\/index.php\/2021\/07\/14\/nos-sacs-sont-prets\/"]}]},{"@type":"BreadcrumbList","@id":"https:\/\/jnk.ch\/voyage\/index.php\/2021\/07\/14\/nos-sacs-sont-prets\/#breadcrumb","itemListElement":[{"@type":"ListItem","position":1,"name":"Accueil","item":"https:\/\/jnk.ch\/voyage\/"},{"@type":"ListItem","position":2,"name":"Nos sacs sont pr\u00eats!"}]},{"@type":"Person","@id":"https:\/\/jnk.ch\/voyage\/#\/schema\/person\/585b3f403012bd88d128a6c995987a80","name":"admin","sameAs":["https:\/\/jnk.ch\/voyage"],"url":"https:\/\/jnk.ch\/voyage\/index.php\/author\/leskarakash\/"}]}},"_links":{"self":[{"href":"https:\/\/jnk.ch\/voyage\/index.php\/wp-json\/wp\/v2\/posts\/23","targetHints":{"allow":["GET"]}}],"collection":[{"href":"https:\/\/jnk.ch\/voyage\/index.php\/wp-json\/wp\/v2\/posts"}],"about":[{"href":"https:\/\/jnk.ch\/voyage\/index.php\/wp-json\/wp\/v2\/types\/post"}],"author":[{"embeddable":true,"href":"https:\/\/jnk.ch\/voyage\/index.php\/wp-json\/wp\/v2\/users\/1"}],"replies":[{"embeddable":true,"href":"https:\/\/jnk.ch\/voyage\/index.php\/wp-json\/wp\/v2\/comments?post=23"}],"version-history":[{"count":4,"href":"https:\/\/jnk.ch\/voyage\/index.php\/wp-json\/wp\/v2\/posts\/23\/revisions"}],"predecessor-version":[{"id":83,"href":"https:\/\/jnk.ch\/voyage\/index.php\/wp-json\/wp\/v2\/posts\/23\/revisions\/83"}],"wp:featuredmedia":[{"embeddable":true,"href":"https:\/\/jnk.ch\/voyage\/index.php\/wp-json\/wp\/v2\/media\/78"}],"wp:attachment":[{"href":"https:\/\/jnk.ch\/voyage\/index.php\/wp-json\/wp\/v2\/media?parent=23"}],"wp:term":[{"taxonomy":"category","embeddable":true,"href":"https:\/\/jnk.ch\/voyage\/index.php\/wp-json\/wp\/v2\/categories?post=23"},{"taxonomy":"post_tag","embeddable":true,"href":"https:\/\/jnk.ch\/voyage\/index.php\/wp-json\/wp\/v2\/tags?post=23"}],"curies":[{"name":"wp","href":"https:\/\/api.w.org\/{rel}","templated":true}]}}