{"id":28,"date":"2021-07-14T17:00:00","date_gmt":"2021-07-14T17:00:00","guid":{"rendered":"https:\/\/jnk.ch\/voyage\/?p=28"},"modified":"2021-07-15T04:55:03","modified_gmt":"2021-07-15T04:55:03","slug":"bye-bye-la-suisse-on-se-revoit-lan-prochain","status":"publish","type":"post","link":"https:\/\/jnk.ch\/voyage\/index.php\/2021\/07\/14\/bye-bye-la-suisse-on-se-revoit-lan-prochain\/","title":{"rendered":"Bye, bye la Suisse, on se revoit l&rsquo;an prochain."},"content":{"rendered":"\n<div class=\"wp-block-columns is-layout-flex wp-container-core-columns-is-layout-9d6595d7 wp-block-columns-is-layout-flex\">\n<div class=\"wp-block-column is-layout-flow wp-block-column-is-layout-flow\" style=\"flex-basis:100%\">\n<div class=\"wp-block-columns is-layout-flex wp-container-core-columns-is-layout-9d6595d7 wp-block-columns-is-layout-flex\">\n<div class=\"wp-block-column is-layout-flow wp-block-column-is-layout-flow\" style=\"flex-basis:100%\"><\/div>\n<\/div>\n\n\n\n<p>Cette fois \u00e7a y\u2019est, tous les contr\u00f4les sanitaires sont derri\u00e8re, on embarque dans quelques instants dans un Cointrin quasiment d\u00e9sert. <\/p>\n\n\n\n<p>Les \u00e9motions sont fortes, l&rsquo;impatience de d\u00e9couvrir de nouveaux horizons, l&rsquo;espoir de belles rencontres ou de folles d\u00e9couvertes, la nostalgie &#8211; d\u00e9j\u00e0 &#8211; du pays, de la famille et des amis&#8230; <\/p>\n\n\n\n<p>A\u00e9roport de Gen\u00e8ve: l\u2019embarquement prend du retard, notre correspondance est compromise et pour couronner le tout, on nous annonce qu\u2019en raison d\u2019une gr\u00e8ve de Swissport nos bagages ne nous rejoindront que plus tard\u2026 \u00e7a c\u2019est une entr\u00e9e en mati\u00e8re!!!<\/p>\n\n\n\n<p>A\u00e9roport de Vienne: le sprint a pay\u00e9, nous avons pu embarquer les derniers. Ouf!<\/p>\n\n\n\n<p>A\u00e9roport d\u2019Addis Abeba: premiers pas en Afrique, il pleut des seilles, on est heureux d\u2019\u00eatre l\u00e0.<\/p>\n<\/div>\n<\/div>\n","protected":false},"excerpt":{"rendered":"<p>Cette fois \u00e7a y\u2019est, tous les contr\u00f4les sanitaires sont derri\u00e8re, on embarque dans quelques instants dans un Cointrin quasiment d\u00e9sert. Les \u00e9motions sont fortes, l&rsquo;impatience de d\u00e9couvrir de nouveaux horizons, l&rsquo;espoir de belles rencontres ou de folles d\u00e9couvertes, la nostalgie &#8211; d\u00e9j\u00e0 &#8211; du pays, de la famille et des amis&#8230; A\u00e9roport de Gen\u00e8ve: l\u2019embarquement prend du retard, notre correspondance est compromise et pour couronner le tout, on nous annonce qu\u2019en raison d\u2019une gr\u00e8ve de Swissport nos bagages ne nous rejoindront que plus tard\u2026 \u00e7a c\u2019est une entr\u00e9e en mati\u00e8re!!! A\u00e9roport de Vienne: le sprint a pay\u00e9, nous avons pu embarquer les derniers. Ouf! A\u00e9roport d\u2019Addis Abeba: premiers pas en Afrique, il pleut des seilles, on est heureux d\u2019\u00eatre l\u00e0.<\/p>\n","protected":false},"author":1,"featured_media":33,"comment_status":"closed","ping_status":"closed","sticky":false,"template":"","format":"standard","meta":{"footnotes":""},"categories":[1],"tags":[],"class_list":["post-28","post","type-post","status-publish","format-standard","has-post-thumbnail","hentry","category-etapesdevoyage"],"yoast_head":"<!-- This site is optimized with the Yoast SEO plugin v18.5.1 - https:\/\/yoast.com\/wordpress\/plugins\/seo\/ -->\n<title>Bye, bye la Suisse, on se revoir l&#039;an prochain.<\/title>\n<meta name=\"description\" content=\"A\u00e9roport de Cointrin, notre au revoir au pays.\" \/>\n<meta name=\"robots\" content=\"noindex, follow\" \/>\n<meta property=\"og:locale\" content=\"fr_FR\" \/>\n<meta property=\"og:type\" content=\"article\" \/>\n<meta property=\"og:title\" content=\"Bye, bye la Suisse, on se revoir l&#039;an prochain.\" \/>\n<meta property=\"og:description\" content=\"A\u00e9roport de Cointrin, notre au revoir au pays.\" \/>\n<meta property=\"og:url\" content=\"https:\/\/jnk.ch\/voyage\/index.php\/2021\/07\/14\/bye-bye-la-suisse-on-se-revoit-lan-prochain\/\" \/>\n<meta property=\"og:site_name\" content=\"La grande aventure...\" \/>\n<meta property=\"article:published_time\" content=\"2021-07-14T17:00:00+00:00\" \/>\n<meta property=\"article:modified_time\" content=\"2021-07-15T04:55:03+00:00\" \/>\n<meta property=\"og:image\" content=\"https:\/\/jnk.ch\/voyage\/wp-content\/uploads\/2021\/07\/suisse-du-ciel.jpg\" \/>\n\t<meta property=\"og:image:width\" content=\"1529\" \/>\n\t<meta property=\"og:image:height\" content=\"744\" \/>\n\t<meta property=\"og:image:type\" content=\"image\/jpeg\" \/>\n<meta name=\"twitter:card\" content=\"summary_large_image\" \/>\n<meta name=\"twitter:label1\" content=\"\u00c9crit par\" \/>\n\t<meta name=\"twitter:data1\" content=\"admin\" \/>\n\t<meta name=\"twitter:label2\" content=\"Dur\u00e9e de lecture estim\u00e9e\" \/>\n\t<meta name=\"twitter:data2\" content=\"1 minute\" \/>\n<script type=\"application\/ld+json\" class=\"yoast-schema-graph\">{\"@context\":\"https:\/\/schema.org\",\"@graph\":[{\"@type\":\"WebSite\",\"@id\":\"https:\/\/jnk.ch\/voyage\/#website\",\"url\":\"https:\/\/jnk.ch\/voyage\/\",\"name\":\"La grande aventure...\",\"description\":\"Suivez notre p\u00e9riple \u00e0 la d\u00e9couverte du vaste monde!\",\"potentialAction\":[{\"@type\":\"SearchAction\",\"target\":{\"@type\":\"EntryPoint\",\"urlTemplate\":\"https:\/\/jnk.ch\/voyage\/?s={search_term_string}\"},\"query-input\":\"required name=search_term_string\"}],\"inLanguage\":\"fr-FR\"},{\"@type\":\"ImageObject\",\"@id\":\"https:\/\/jnk.ch\/voyage\/index.php\/2021\/07\/14\/bye-bye-la-suisse-on-se-revoit-lan-prochain\/#primaryimage\",\"inLanguage\":\"fr-FR\",\"url\":\"https:\/\/jnk.ch\/voyage\/wp-content\/uploads\/2021\/07\/suisse-du-ciel.jpg\",\"contentUrl\":\"https:\/\/jnk.ch\/voyage\/wp-content\/uploads\/2021\/07\/suisse-du-ciel.jpg\",\"width\":1529,\"height\":744},{\"@type\":\"WebPage\",\"@id\":\"https:\/\/jnk.ch\/voyage\/index.php\/2021\/07\/14\/bye-bye-la-suisse-on-se-revoit-lan-prochain\/#webpage\",\"url\":\"https:\/\/jnk.ch\/voyage\/index.php\/2021\/07\/14\/bye-bye-la-suisse-on-se-revoit-lan-prochain\/\",\"name\":\"Bye, bye la Suisse, on se revoir l'an prochain.\",\"isPartOf\":{\"@id\":\"https:\/\/jnk.ch\/voyage\/#website\"},\"primaryImageOfPage\":{\"@id\":\"https:\/\/jnk.ch\/voyage\/index.php\/2021\/07\/14\/bye-bye-la-suisse-on-se-revoit-lan-prochain\/#primaryimage\"},\"datePublished\":\"2021-07-14T17:00:00+00:00\",\"dateModified\":\"2021-07-15T04:55:03+00:00\",\"author\":{\"@id\":\"https:\/\/jnk.ch\/voyage\/#\/schema\/person\/585b3f403012bd88d128a6c995987a80\"},\"description\":\"A\u00e9roport de Cointrin, notre au revoir au pays.\",\"breadcrumb\":{\"@id\":\"https:\/\/jnk.ch\/voyage\/index.php\/2021\/07\/14\/bye-bye-la-suisse-on-se-revoit-lan-prochain\/#breadcrumb\"},\"inLanguage\":\"fr-FR\",\"potentialAction\":[{\"@type\":\"ReadAction\",\"target\":[\"https:\/\/jnk.ch\/voyage\/index.php\/2021\/07\/14\/bye-bye-la-suisse-on-se-revoit-lan-prochain\/\"]}]},{\"@type\":\"BreadcrumbList\",\"@id\":\"https:\/\/jnk.ch\/voyage\/index.php\/2021\/07\/14\/bye-bye-la-suisse-on-se-revoit-lan-prochain\/#breadcrumb\",\"itemListElement\":[{\"@type\":\"ListItem\",\"position\":1,\"name\":\"Accueil\",\"item\":\"https:\/\/jnk.ch\/voyage\/\"},{\"@type\":\"ListItem\",\"position\":2,\"name\":\"Bye, bye la Suisse, on se revoit l&rsquo;an prochain.\"}]},{\"@type\":\"Person\",\"@id\":\"https:\/\/jnk.ch\/voyage\/#\/schema\/person\/585b3f403012bd88d128a6c995987a80\",\"name\":\"admin\",\"sameAs\":[\"https:\/\/jnk.ch\/voyage\"],\"url\":\"https:\/\/jnk.ch\/voyage\/index.php\/author\/leskarakash\/\"}]}<\/script>\n<!-- \/ Yoast SEO plugin. -->","yoast_head_json":{"title":"Bye, bye la Suisse, on se revoir l'an prochain.","description":"A\u00e9roport de Cointrin, notre au revoir au pays.","robots":{"index":"noindex","follow":"follow"},"og_locale":"fr_FR","og_type":"article","og_title":"Bye, bye la Suisse, on se revoir l'an prochain.","og_description":"A\u00e9roport de Cointrin, notre au revoir au pays.","og_url":"https:\/\/jnk.ch\/voyage\/index.php\/2021\/07\/14\/bye-bye-la-suisse-on-se-revoit-lan-prochain\/","og_site_name":"La grande aventure...","article_published_time":"2021-07-14T17:00:00+00:00","article_modified_time":"2021-07-15T04:55:03+00:00","og_image":[{"width":1529,"height":744,"url":"https:\/\/jnk.ch\/voyage\/wp-content\/uploads\/2021\/07\/suisse-du-ciel.jpg","type":"image\/jpeg"}],"twitter_card":"summary_large_image","twitter_misc":{"\u00c9crit par":"admin","Dur\u00e9e de lecture estim\u00e9e":"1 minute"},"schema":{"@context":"https:\/\/schema.org","@graph":[{"@type":"WebSite","@id":"https:\/\/jnk.ch\/voyage\/#website","url":"https:\/\/jnk.ch\/voyage\/","name":"La grande aventure...","description":"Suivez notre p\u00e9riple \u00e0 la d\u00e9couverte du vaste monde!","potentialAction":[{"@type":"SearchAction","target":{"@type":"EntryPoint","urlTemplate":"https:\/\/jnk.ch\/voyage\/?s={search_term_string}"},"query-input":"required name=search_term_string"}],"inLanguage":"fr-FR"},{"@type":"ImageObject","@id":"https:\/\/jnk.ch\/voyage\/index.php\/2021\/07\/14\/bye-bye-la-suisse-on-se-revoit-lan-prochain\/#primaryimage","inLanguage":"fr-FR","url":"https:\/\/jnk.ch\/voyage\/wp-content\/uploads\/2021\/07\/suisse-du-ciel.jpg","contentUrl":"https:\/\/jnk.ch\/voyage\/wp-content\/uploads\/2021\/07\/suisse-du-ciel.jpg","width":1529,"height":744},{"@type":"WebPage","@id":"https:\/\/jnk.ch\/voyage\/index.php\/2021\/07\/14\/bye-bye-la-suisse-on-se-revoit-lan-prochain\/#webpage","url":"https:\/\/jnk.ch\/voyage\/index.php\/2021\/07\/14\/bye-bye-la-suisse-on-se-revoit-lan-prochain\/","name":"Bye, bye la Suisse, on se revoir l'an prochain.","isPartOf":{"@id":"https:\/\/jnk.ch\/voyage\/#website"},"primaryImageOfPage":{"@id":"https:\/\/jnk.ch\/voyage\/index.php\/2021\/07\/14\/bye-bye-la-suisse-on-se-revoit-lan-prochain\/#primaryimage"},"datePublished":"2021-07-14T17:00:00+00:00","dateModified":"2021-07-15T04:55:03+00:00","author":{"@id":"https:\/\/jnk.ch\/voyage\/#\/schema\/person\/585b3f403012bd88d128a6c995987a80"},"description":"A\u00e9roport de Cointrin, notre au revoir au pays.","breadcrumb":{"@id":"https:\/\/jnk.ch\/voyage\/index.php\/2021\/07\/14\/bye-bye-la-suisse-on-se-revoit-lan-prochain\/#breadcrumb"},"inLanguage":"fr-FR","potentialAction":[{"@type":"ReadAction","target":["https:\/\/jnk.ch\/voyage\/index.php\/2021\/07\/14\/bye-bye-la-suisse-on-se-revoit-lan-prochain\/"]}]},{"@type":"BreadcrumbList","@id":"https:\/\/jnk.ch\/voyage\/index.php\/2021\/07\/14\/bye-bye-la-suisse-on-se-revoit-lan-prochain\/#breadcrumb","itemListElement":[{"@type":"ListItem","position":1,"name":"Accueil","item":"https:\/\/jnk.ch\/voyage\/"},{"@type":"ListItem","position":2,"name":"Bye, bye la Suisse, on se revoit l&rsquo;an prochain."}]},{"@type":"Person","@id":"https:\/\/jnk.ch\/voyage\/#\/schema\/person\/585b3f403012bd88d128a6c995987a80","name":"admin","sameAs":["https:\/\/jnk.ch\/voyage"],"url":"https:\/\/jnk.ch\/voyage\/index.php\/author\/leskarakash\/"}]}},"_links":{"self":[{"href":"https:\/\/jnk.ch\/voyage\/index.php\/wp-json\/wp\/v2\/posts\/28","targetHints":{"allow":["GET"]}}],"collection":[{"href":"https:\/\/jnk.ch\/voyage\/index.php\/wp-json\/wp\/v2\/posts"}],"about":[{"href":"https:\/\/jnk.ch\/voyage\/index.php\/wp-json\/wp\/v2\/types\/post"}],"author":[{"embeddable":true,"href":"https:\/\/jnk.ch\/voyage\/index.php\/wp-json\/wp\/v2\/users\/1"}],"replies":[{"embeddable":true,"href":"https:\/\/jnk.ch\/voyage\/index.php\/wp-json\/wp\/v2\/comments?post=28"}],"version-history":[{"count":9,"href":"https:\/\/jnk.ch\/voyage\/index.php\/wp-json\/wp\/v2\/posts\/28\/revisions"}],"predecessor-version":[{"id":95,"href":"https:\/\/jnk.ch\/voyage\/index.php\/wp-json\/wp\/v2\/posts\/28\/revisions\/95"}],"wp:featuredmedia":[{"embeddable":true,"href":"https:\/\/jnk.ch\/voyage\/index.php\/wp-json\/wp\/v2\/media\/33"}],"wp:attachment":[{"href":"https:\/\/jnk.ch\/voyage\/index.php\/wp-json\/wp\/v2\/media?parent=28"}],"wp:term":[{"taxonomy":"category","embeddable":true,"href":"https:\/\/jnk.ch\/voyage\/index.php\/wp-json\/wp\/v2\/categories?post=28"},{"taxonomy":"post_tag","embeddable":true,"href":"https:\/\/jnk.ch\/voyage\/index.php\/wp-json\/wp\/v2\/tags?post=28"}],"curies":[{"name":"wp","href":"https:\/\/api.w.org\/{rel}","templated":true}]}}