{"id":3916,"date":"2022-07-03T20:51:24","date_gmt":"2022-07-03T20:51:24","guid":{"rendered":"https:\/\/jnk.ch\/voyage\/?p=3916"},"modified":"2022-07-03T20:52:45","modified_gmt":"2022-07-03T20:52:45","slug":"la-boucle-est-bouclee","status":"publish","type":"post","link":"https:\/\/jnk.ch\/voyage\/index.php\/2022\/07\/03\/la-boucle-est-bouclee\/","title":{"rendered":"La boucle est boucl\u00e9e!"},"content":{"rendered":"\n<p>Arriv\u00e9s au terme de notre p\u00e9riple familial autour du monde, nous avons retrouv\u00e9 notre beau Vallon il y a peu. Nous avons eu \u00e9norm\u00e9ment de plaisir \u00e0 vivre cette exp\u00e9rience extraordinaire, tout comme nous en avons \u00e0 revenir ici, chez nous.<\/p>\n\n\n\n<p>Au long de l\u2019ann\u00e9e \u00e9coul\u00e9e, nous avons parcouru 88&rsquo;772 kilom\u00e8tres dans les airs, sur les eaux, sur les routes, sur les rails, sur nos pieds ou m\u00eame \u00e0 dos de cheval, ce qui repr\u00e9sente plus de deux fois le tour de la plan\u00e8te. Nous avons parl\u00e9 diff\u00e9rentes langues, franchi de nombreuses fronti\u00e8res et\u2026 rempli un nombre incalculable de formulaires&nbsp;!<\/p>\n\n\n\n<p>Surtout, nous avons eu la chance immense de d\u00e9couvrir d\u2019autres horizons, des modes de vie, des cultures, des saveurs et des paysages dont nous n\u2019imaginions m\u00eame pas l\u2019existence. Nous avons beaucoup appris, tout en prenant encore davantage conscience de l\u2019immensit\u00e9 de notre ignorance.\u00a0<\/p>\n\n\n\n<p>L\u2019\u00e9l\u00e9ment qui restera grav\u00e9 en nous, c\u2019est l\u2019aventure humaine que nous avons v\u00e9cue. Entre nous d\u2019abord, car c\u2019en est une que de partager une ann\u00e9e compl\u00e8te en famille, contraints et n\u00e9anmoins heureux d\u2019\u00eatre ensemble quasiment jour et nuit. Mais aussi avec nos familles, nos amis, rest\u00e9s ici en Suisse, celles et ceux avec qui nous avions l\u2019envie et m\u00eame le besoin d\u2019\u00e9changer malgr\u00e9 la distance. Et enfin, bien \u00e9videmment, l\u2019aventure de ces nouvelles amiti\u00e9s que nous avons nou\u00e9es au cours du voyage, aux quatre coins de la plan\u00e8te.<\/p>\n\n\n\n<p>Si nous ramenons tout cela et bien plus encore avec nous ici, nous esp\u00e9rons qu\u2019il restera quelques traces b\u00e9n\u00e9fiques de notre passage l\u00e0-bas, en Tanzanie, au Mexique ou au P\u00e9rou, o\u00f9 nous avons effectu\u00e9 des p\u00e9riodes de volontariat aupr\u00e8s de porteurs de projets locaux.<\/p>\n\n\n\n<p>Un immense merci de nous avoir accompagn\u00e9s tout au long de cette grande aventure et \u00e0 tr\u00e8s bient\u00f4t&#8230; en chair et en os!<\/p>\n\n\n\n<figure class=\"wp-block-image size-large\"><img loading=\"lazy\" decoding=\"async\" width=\"2560\" height=\"1920\" src=\"https:\/\/jnk.ch\/voyage\/wp-content\/uploads\/2022\/07\/5306EB96-CB3E-4E2C-96C4-92A42670490D-scaled.jpeg\" alt=\"\" class=\"wp-image-3920\" srcset=\"https:\/\/jnk.ch\/voyage\/wp-content\/uploads\/2022\/07\/5306EB96-CB3E-4E2C-96C4-92A42670490D-scaled.jpeg 2560w, https:\/\/jnk.ch\/voyage\/wp-content\/uploads\/2022\/07\/5306EB96-CB3E-4E2C-96C4-92A42670490D-300x225.jpeg 300w, https:\/\/jnk.ch\/voyage\/wp-content\/uploads\/2022\/07\/5306EB96-CB3E-4E2C-96C4-92A42670490D-1024x768.jpeg 1024w, https:\/\/jnk.ch\/voyage\/wp-content\/uploads\/2022\/07\/5306EB96-CB3E-4E2C-96C4-92A42670490D-768x576.jpeg 768w, https:\/\/jnk.ch\/voyage\/wp-content\/uploads\/2022\/07\/5306EB96-CB3E-4E2C-96C4-92A42670490D-1536x1152.jpeg 1536w, https:\/\/jnk.ch\/voyage\/wp-content\/uploads\/2022\/07\/5306EB96-CB3E-4E2C-96C4-92A42670490D-2048x1536.jpeg 2048w, https:\/\/jnk.ch\/voyage\/wp-content\/uploads\/2022\/07\/5306EB96-CB3E-4E2C-96C4-92A42670490D-1140x855.jpeg 1140w\" sizes=\"auto, (max-width: 2560px) 100vw, 2560px\" \/><figcaption>D\u00e9part pour un tr\u00e8s long voyage jusqu&rsquo;\u00e0 notre sweet home&#8230; on se r\u00e9jouit d&rsquo;\u00eatre \u00e0 la maison!<\/figcaption><\/figure>\n\n\n\n<figure class=\"wp-block-image size-large\"><img loading=\"lazy\" decoding=\"async\" width=\"1920\" height=\"2560\" src=\"https:\/\/jnk.ch\/voyage\/wp-content\/uploads\/2022\/07\/2AD0F00D-E545-4386-9296-5DAA83CB9C82-scaled.jpeg\" alt=\"\" class=\"wp-image-3922\" srcset=\"https:\/\/jnk.ch\/voyage\/wp-content\/uploads\/2022\/07\/2AD0F00D-E545-4386-9296-5DAA83CB9C82-scaled.jpeg 1920w, https:\/\/jnk.ch\/voyage\/wp-content\/uploads\/2022\/07\/2AD0F00D-E545-4386-9296-5DAA83CB9C82-225x300.jpeg 225w, https:\/\/jnk.ch\/voyage\/wp-content\/uploads\/2022\/07\/2AD0F00D-E545-4386-9296-5DAA83CB9C82-768x1024.jpeg 768w, https:\/\/jnk.ch\/voyage\/wp-content\/uploads\/2022\/07\/2AD0F00D-E545-4386-9296-5DAA83CB9C82-1152x1536.jpeg 1152w, https:\/\/jnk.ch\/voyage\/wp-content\/uploads\/2022\/07\/2AD0F00D-E545-4386-9296-5DAA83CB9C82-1536x2048.jpeg 1536w, https:\/\/jnk.ch\/voyage\/wp-content\/uploads\/2022\/07\/2AD0F00D-E545-4386-9296-5DAA83CB9C82-1140x1520.jpeg 1140w\" sizes=\"auto, (max-width: 1920px) 100vw, 1920px\" \/><figcaption>Apr\u00e8s une escale \u00e0 Bangkok, nous embarquons pour Zurich \u00e0 bord d&rsquo;un vol Swiss. On se sent d\u00e9j\u00e0 un peu chez nous \ud83d\ude09<\/figcaption><\/figure>\n\n\n\n<figure class=\"wp-block-image size-large\"><img loading=\"lazy\" decoding=\"async\" width=\"1920\" height=\"2560\" src=\"https:\/\/jnk.ch\/voyage\/wp-content\/uploads\/2022\/07\/5690EF02-F7BA-44D3-B0B0-AE5C49D27BA3-scaled.jpeg\" alt=\"\" class=\"wp-image-3919\" srcset=\"https:\/\/jnk.ch\/voyage\/wp-content\/uploads\/2022\/07\/5690EF02-F7BA-44D3-B0B0-AE5C49D27BA3-scaled.jpeg 1920w, https:\/\/jnk.ch\/voyage\/wp-content\/uploads\/2022\/07\/5690EF02-F7BA-44D3-B0B0-AE5C49D27BA3-225x300.jpeg 225w, https:\/\/jnk.ch\/voyage\/wp-content\/uploads\/2022\/07\/5690EF02-F7BA-44D3-B0B0-AE5C49D27BA3-768x1024.jpeg 768w, https:\/\/jnk.ch\/voyage\/wp-content\/uploads\/2022\/07\/5690EF02-F7BA-44D3-B0B0-AE5C49D27BA3-1152x1536.jpeg 1152w, https:\/\/jnk.ch\/voyage\/wp-content\/uploads\/2022\/07\/5690EF02-F7BA-44D3-B0B0-AE5C49D27BA3-1536x2048.jpeg 1536w, https:\/\/jnk.ch\/voyage\/wp-content\/uploads\/2022\/07\/5690EF02-F7BA-44D3-B0B0-AE5C49D27BA3-1140x1520.jpeg 1140w\" sizes=\"auto, (max-width: 1920px) 100vw, 1920px\" \/><figcaption>Confortablement install\u00e9s, on en profite pour faire une bonne sieste.<\/figcaption><\/figure>\n\n\n\n<figure class=\"wp-block-image size-large\"><img loading=\"lazy\" decoding=\"async\" width=\"1920\" height=\"2560\" src=\"https:\/\/jnk.ch\/voyage\/wp-content\/uploads\/2022\/07\/E0A502F7-03F5-4D67-B622-2819F3E02F40-scaled.jpeg\" alt=\"\" class=\"wp-image-3923\" srcset=\"https:\/\/jnk.ch\/voyage\/wp-content\/uploads\/2022\/07\/E0A502F7-03F5-4D67-B622-2819F3E02F40-scaled.jpeg 1920w, https:\/\/jnk.ch\/voyage\/wp-content\/uploads\/2022\/07\/E0A502F7-03F5-4D67-B622-2819F3E02F40-225x300.jpeg 225w, https:\/\/jnk.ch\/voyage\/wp-content\/uploads\/2022\/07\/E0A502F7-03F5-4D67-B622-2819F3E02F40-768x1024.jpeg 768w, https:\/\/jnk.ch\/voyage\/wp-content\/uploads\/2022\/07\/E0A502F7-03F5-4D67-B622-2819F3E02F40-1152x1536.jpeg 1152w, https:\/\/jnk.ch\/voyage\/wp-content\/uploads\/2022\/07\/E0A502F7-03F5-4D67-B622-2819F3E02F40-1536x2048.jpeg 1536w, https:\/\/jnk.ch\/voyage\/wp-content\/uploads\/2022\/07\/E0A502F7-03F5-4D67-B622-2819F3E02F40-1140x1520.jpeg 1140w\" sizes=\"auto, (max-width: 1920px) 100vw, 1920px\" \/><figcaption>Arriv\u00e9s \u00e0 Zurich, on saute dans le train et on installe une derni\u00e8re fois les bobines de nos potes sur notre sac \u00e0 dos&#8230; ils auront fait le tour de monde avec nous!<\/figcaption><\/figure>\n\n\n\n<figure class=\"wp-block-image size-large\"><img loading=\"lazy\" decoding=\"async\" width=\"2560\" height=\"1920\" src=\"https:\/\/jnk.ch\/voyage\/wp-content\/uploads\/2022\/07\/6BF5CB66-B7A3-4068-808D-3998B8D32ABB-scaled.jpeg\" alt=\"\" class=\"wp-image-3921\" srcset=\"https:\/\/jnk.ch\/voyage\/wp-content\/uploads\/2022\/07\/6BF5CB66-B7A3-4068-808D-3998B8D32ABB-scaled.jpeg 2560w, https:\/\/jnk.ch\/voyage\/wp-content\/uploads\/2022\/07\/6BF5CB66-B7A3-4068-808D-3998B8D32ABB-300x225.jpeg 300w, https:\/\/jnk.ch\/voyage\/wp-content\/uploads\/2022\/07\/6BF5CB66-B7A3-4068-808D-3998B8D32ABB-1024x768.jpeg 1024w, https:\/\/jnk.ch\/voyage\/wp-content\/uploads\/2022\/07\/6BF5CB66-B7A3-4068-808D-3998B8D32ABB-768x576.jpeg 768w, https:\/\/jnk.ch\/voyage\/wp-content\/uploads\/2022\/07\/6BF5CB66-B7A3-4068-808D-3998B8D32ABB-1536x1152.jpeg 1536w, https:\/\/jnk.ch\/voyage\/wp-content\/uploads\/2022\/07\/6BF5CB66-B7A3-4068-808D-3998B8D32ABB-2048x1536.jpeg 2048w, https:\/\/jnk.ch\/voyage\/wp-content\/uploads\/2022\/07\/6BF5CB66-B7A3-4068-808D-3998B8D32ABB-1140x855.jpeg 1140w\" sizes=\"auto, (max-width: 2560px) 100vw, 2560px\" \/><figcaption>Allez, plus que quelques heures de patience&#8230;<\/figcaption><\/figure>\n\n\n\n<figure class=\"wp-block-image size-large\"><img loading=\"lazy\" decoding=\"async\" width=\"2560\" height=\"1923\" src=\"https:\/\/jnk.ch\/voyage\/wp-content\/uploads\/2022\/07\/FA43145C-825F-492F-B267-421BA91AB353-scaled.jpeg\" alt=\"\" class=\"wp-image-3918\" srcset=\"https:\/\/jnk.ch\/voyage\/wp-content\/uploads\/2022\/07\/FA43145C-825F-492F-B267-421BA91AB353-scaled.jpeg 2560w, https:\/\/jnk.ch\/voyage\/wp-content\/uploads\/2022\/07\/FA43145C-825F-492F-B267-421BA91AB353-300x225.jpeg 300w, https:\/\/jnk.ch\/voyage\/wp-content\/uploads\/2022\/07\/FA43145C-825F-492F-B267-421BA91AB353-1024x769.jpeg 1024w, https:\/\/jnk.ch\/voyage\/wp-content\/uploads\/2022\/07\/FA43145C-825F-492F-B267-421BA91AB353-768x577.jpeg 768w, https:\/\/jnk.ch\/voyage\/wp-content\/uploads\/2022\/07\/FA43145C-825F-492F-B267-421BA91AB353-1536x1154.jpeg 1536w, https:\/\/jnk.ch\/voyage\/wp-content\/uploads\/2022\/07\/FA43145C-825F-492F-B267-421BA91AB353-2048x1539.jpeg 2048w, https:\/\/jnk.ch\/voyage\/wp-content\/uploads\/2022\/07\/FA43145C-825F-492F-B267-421BA91AB353-1140x856.jpeg 1140w\" sizes=\"auto, (max-width: 2560px) 100vw, 2560px\" \/><figcaption>&#8230; et nous voil\u00e0 enfin arriv\u00e9s \u00e0 M\u00f4tiers. Heu-reux!<\/figcaption><\/figure>\n\n\n\n<figure class=\"wp-block-image size-large\"><img loading=\"lazy\" decoding=\"async\" width=\"1920\" height=\"2560\" src=\"https:\/\/jnk.ch\/voyage\/wp-content\/uploads\/2022\/07\/05045C84-C135-4B00-A7F9-389407F6B59F-scaled.jpeg\" alt=\"\" class=\"wp-image-3917\" srcset=\"https:\/\/jnk.ch\/voyage\/wp-content\/uploads\/2022\/07\/05045C84-C135-4B00-A7F9-389407F6B59F-scaled.jpeg 1920w, https:\/\/jnk.ch\/voyage\/wp-content\/uploads\/2022\/07\/05045C84-C135-4B00-A7F9-389407F6B59F-225x300.jpeg 225w, https:\/\/jnk.ch\/voyage\/wp-content\/uploads\/2022\/07\/05045C84-C135-4B00-A7F9-389407F6B59F-768x1024.jpeg 768w, https:\/\/jnk.ch\/voyage\/wp-content\/uploads\/2022\/07\/05045C84-C135-4B00-A7F9-389407F6B59F-1152x1536.jpeg 1152w, https:\/\/jnk.ch\/voyage\/wp-content\/uploads\/2022\/07\/05045C84-C135-4B00-A7F9-389407F6B59F-1536x2048.jpeg 1536w, https:\/\/jnk.ch\/voyage\/wp-content\/uploads\/2022\/07\/05045C84-C135-4B00-A7F9-389407F6B59F-1140x1520.jpeg 1140w\" sizes=\"auto, (max-width: 1920px) 100vw, 1920px\" \/><figcaption>La boucle est boucl\u00e9e, tout le monde est bien rentr\u00e9.<\/figcaption><\/figure>\n","protected":false},"excerpt":{"rendered":"<p>Arriv\u00e9s au terme de notre p\u00e9riple familial autour du monde, nous avons retrouv\u00e9 notre beau Vallon il y a peu. Nous avons eu \u00e9norm\u00e9ment de plaisir \u00e0 vivre cette exp\u00e9rience extraordinaire, tout comme nous en avons \u00e0 revenir ici, chez nous. Au long de l\u2019ann\u00e9e \u00e9coul\u00e9e, nous avons parcouru 88&rsquo;772 kilom\u00e8tres dans les airs, sur les eaux, sur les routes, sur les rails, sur nos pieds ou m\u00eame \u00e0 dos de cheval, ce qui repr\u00e9sente plus de deux fois le tour de la plan\u00e8te. Nous avons parl\u00e9 diff\u00e9rentes langues, franchi de nombreuses fronti\u00e8res et\u2026 rempli un nombre incalculable de formulaires&nbsp;! Surtout, nous avons eu la chance immense de d\u00e9couvrir d\u2019autres horizons, des modes de vie, des cultures, des saveurs et des paysages dont nous n\u2019imaginions m\u00eame pas l\u2019existence. Nous avons beaucoup appris, tout en prenant encore davantage conscience de l\u2019immensit\u00e9 de notre ignorance.\u00a0 L\u2019\u00e9l\u00e9ment qui restera grav\u00e9 en nous, c\u2019est l\u2019aventure humaine que nous avons v\u00e9cue. Entre nous d\u2019abord, car c\u2019en est une que de partager une ann\u00e9e compl\u00e8te en famille, contraints et n\u00e9anmoins heureux d\u2019\u00eatre ensemble quasiment jour et nuit. Mais aussi avec nos familles, nos amis, rest\u00e9s ici en Suisse, celles et ceux avec qui nous avions l\u2019envie et m\u00eame le besoin d\u2019\u00e9changer malgr\u00e9 la distance. Et enfin, bien \u00e9videmment, l\u2019aventure de ces nouvelles amiti\u00e9s que nous avons nou\u00e9es au cours du voyage, aux quatre coins de la plan\u00e8te. Si nous ramenons tout cela et bien plus encore avec nous ici, nous esp\u00e9rons qu\u2019il restera quelques traces b\u00e9n\u00e9fiques de notre passage l\u00e0-bas, en Tanzanie, au Mexique ou au P\u00e9rou, o\u00f9 nous avons effectu\u00e9 des p\u00e9riodes de volontariat aupr\u00e8s de porteurs de projets locaux. Un immense merci de nous avoir accompagn\u00e9s tout au long de cette grande aventure et \u00e0 tr\u00e8s bient\u00f4t&#8230; en chair et en os!<\/p>\n","protected":false},"author":1,"featured_media":3917,"comment_status":"closed","ping_status":"closed","sticky":false,"template":"","format":"standard","meta":{"footnotes":""},"categories":[1],"tags":[],"class_list":["post-3916","post","type-post","status-publish","format-standard","has-post-thumbnail","hentry","category-etapesdevoyage"],"yoast_head":"<!-- This site is optimized with the Yoast SEO plugin v18.5.1 - https:\/\/yoast.com\/wordpress\/plugins\/seo\/ -->\n<title>La boucle est boucl\u00e9e! - La grande aventure...<\/title>\n<meta name=\"robots\" content=\"noindex, follow\" \/>\n<meta property=\"og:locale\" content=\"fr_FR\" \/>\n<meta property=\"og:type\" content=\"article\" \/>\n<meta property=\"og:title\" content=\"La boucle est boucl\u00e9e! - La grande aventure...\" \/>\n<meta property=\"og:description\" content=\"Arriv\u00e9s au terme de notre p\u00e9riple familial autour du monde, nous avons retrouv\u00e9 notre beau Vallon il y a peu. Nous avons eu \u00e9norm\u00e9ment de plaisir \u00e0 vivre cette exp\u00e9rience extraordinaire, tout comme nous en avons \u00e0 revenir ici, chez nous. Au long de l\u2019ann\u00e9e \u00e9coul\u00e9e, nous avons parcouru 88&rsquo;772 kilom\u00e8tres dans les airs, sur les eaux, sur les routes, sur les rails, sur nos pieds ou m\u00eame \u00e0 dos de cheval, ce qui repr\u00e9sente plus de deux fois le tour de la plan\u00e8te. Nous avons parl\u00e9 diff\u00e9rentes langues, franchi de nombreuses fronti\u00e8res et\u2026 rempli un nombre incalculable de formulaires&nbsp;! Surtout, nous avons eu la chance immense de d\u00e9couvrir d\u2019autres horizons, des modes de vie, des cultures, des saveurs et des paysages dont nous n\u2019imaginions m\u00eame pas l\u2019existence. Nous avons beaucoup appris, tout en prenant encore davantage conscience de l\u2019immensit\u00e9 de notre ignorance.\u00a0 L\u2019\u00e9l\u00e9ment qui restera grav\u00e9 en nous, c\u2019est l\u2019aventure humaine que nous avons v\u00e9cue. Entre nous d\u2019abord, car c\u2019en est une que de partager une ann\u00e9e compl\u00e8te en famille, contraints et n\u00e9anmoins heureux d\u2019\u00eatre ensemble quasiment jour et nuit. Mais aussi avec nos familles, nos amis, rest\u00e9s ici en Suisse, celles et ceux avec qui nous avions l\u2019envie et m\u00eame le besoin d\u2019\u00e9changer malgr\u00e9 la distance. Et enfin, bien \u00e9videmment, l\u2019aventure de ces nouvelles amiti\u00e9s que nous avons nou\u00e9es au cours du voyage, aux quatre coins de la plan\u00e8te. Si nous ramenons tout cela et bien plus encore avec nous ici, nous esp\u00e9rons qu\u2019il restera quelques traces b\u00e9n\u00e9fiques de notre passage l\u00e0-bas, en Tanzanie, au Mexique ou au P\u00e9rou, o\u00f9 nous avons effectu\u00e9 des p\u00e9riodes de volontariat aupr\u00e8s de porteurs de projets locaux. Un immense merci de nous avoir accompagn\u00e9s tout au long de cette grande aventure et \u00e0 tr\u00e8s bient\u00f4t&#8230; en chair et en os!\" \/>\n<meta property=\"og:url\" content=\"https:\/\/jnk.ch\/voyage\/index.php\/2022\/07\/03\/la-boucle-est-bouclee\/\" \/>\n<meta property=\"og:site_name\" content=\"La grande aventure...\" \/>\n<meta property=\"article:published_time\" content=\"2022-07-03T20:51:24+00:00\" \/>\n<meta property=\"article:modified_time\" content=\"2022-07-03T20:52:45+00:00\" \/>\n<meta property=\"og:image\" content=\"https:\/\/jnk.ch\/voyage\/wp-content\/uploads\/2022\/07\/05045C84-C135-4B00-A7F9-389407F6B59F-scaled.jpeg\" \/>\n\t<meta property=\"og:image:width\" content=\"1920\" \/>\n\t<meta property=\"og:image:height\" content=\"2560\" \/>\n\t<meta property=\"og:image:type\" content=\"image\/jpeg\" \/>\n<meta name=\"twitter:card\" content=\"summary_large_image\" \/>\n<meta name=\"twitter:label1\" content=\"\u00c9crit par\" \/>\n\t<meta name=\"twitter:data1\" content=\"admin\" \/>\n\t<meta name=\"twitter:label2\" content=\"Dur\u00e9e de lecture estim\u00e9e\" \/>\n\t<meta name=\"twitter:data2\" content=\"4 minutes\" \/>\n<script type=\"application\/ld+json\" class=\"yoast-schema-graph\">{\"@context\":\"https:\/\/schema.org\",\"@graph\":[{\"@type\":\"WebSite\",\"@id\":\"https:\/\/jnk.ch\/voyage\/#website\",\"url\":\"https:\/\/jnk.ch\/voyage\/\",\"name\":\"La grande aventure...\",\"description\":\"Suivez notre p\u00e9riple \u00e0 la d\u00e9couverte du vaste monde!\",\"potentialAction\":[{\"@type\":\"SearchAction\",\"target\":{\"@type\":\"EntryPoint\",\"urlTemplate\":\"https:\/\/jnk.ch\/voyage\/?s={search_term_string}\"},\"query-input\":\"required name=search_term_string\"}],\"inLanguage\":\"fr-FR\"},{\"@type\":\"ImageObject\",\"@id\":\"https:\/\/jnk.ch\/voyage\/index.php\/2022\/07\/03\/la-boucle-est-bouclee\/#primaryimage\",\"inLanguage\":\"fr-FR\",\"url\":\"https:\/\/jnk.ch\/voyage\/wp-content\/uploads\/2022\/07\/05045C84-C135-4B00-A7F9-389407F6B59F-scaled.jpeg\",\"contentUrl\":\"https:\/\/jnk.ch\/voyage\/wp-content\/uploads\/2022\/07\/05045C84-C135-4B00-A7F9-389407F6B59F-scaled.jpeg\",\"width\":1920,\"height\":2560},{\"@type\":\"WebPage\",\"@id\":\"https:\/\/jnk.ch\/voyage\/index.php\/2022\/07\/03\/la-boucle-est-bouclee\/#webpage\",\"url\":\"https:\/\/jnk.ch\/voyage\/index.php\/2022\/07\/03\/la-boucle-est-bouclee\/\",\"name\":\"La boucle est boucl\u00e9e! - La grande aventure...\",\"isPartOf\":{\"@id\":\"https:\/\/jnk.ch\/voyage\/#website\"},\"primaryImageOfPage\":{\"@id\":\"https:\/\/jnk.ch\/voyage\/index.php\/2022\/07\/03\/la-boucle-est-bouclee\/#primaryimage\"},\"datePublished\":\"2022-07-03T20:51:24+00:00\",\"dateModified\":\"2022-07-03T20:52:45+00:00\",\"author\":{\"@id\":\"https:\/\/jnk.ch\/voyage\/#\/schema\/person\/585b3f403012bd88d128a6c995987a80\"},\"breadcrumb\":{\"@id\":\"https:\/\/jnk.ch\/voyage\/index.php\/2022\/07\/03\/la-boucle-est-bouclee\/#breadcrumb\"},\"inLanguage\":\"fr-FR\",\"potentialAction\":[{\"@type\":\"ReadAction\",\"target\":[\"https:\/\/jnk.ch\/voyage\/index.php\/2022\/07\/03\/la-boucle-est-bouclee\/\"]}]},{\"@type\":\"BreadcrumbList\",\"@id\":\"https:\/\/jnk.ch\/voyage\/index.php\/2022\/07\/03\/la-boucle-est-bouclee\/#breadcrumb\",\"itemListElement\":[{\"@type\":\"ListItem\",\"position\":1,\"name\":\"Accueil\",\"item\":\"https:\/\/jnk.ch\/voyage\/\"},{\"@type\":\"ListItem\",\"position\":2,\"name\":\"La boucle est boucl\u00e9e!\"}]},{\"@type\":\"Person\",\"@id\":\"https:\/\/jnk.ch\/voyage\/#\/schema\/person\/585b3f403012bd88d128a6c995987a80\",\"name\":\"admin\",\"sameAs\":[\"https:\/\/jnk.ch\/voyage\"],\"url\":\"https:\/\/jnk.ch\/voyage\/index.php\/author\/leskarakash\/\"}]}<\/script>\n<!-- \/ Yoast SEO plugin. -->","yoast_head_json":{"title":"La boucle est boucl\u00e9e! - La grande aventure...","robots":{"index":"noindex","follow":"follow"},"og_locale":"fr_FR","og_type":"article","og_title":"La boucle est boucl\u00e9e! - La grande aventure...","og_description":"Arriv\u00e9s au terme de notre p\u00e9riple familial autour du monde, nous avons retrouv\u00e9 notre beau Vallon il y a peu. Nous avons eu \u00e9norm\u00e9ment de plaisir \u00e0 vivre cette exp\u00e9rience extraordinaire, tout comme nous en avons \u00e0 revenir ici, chez nous. Au long de l\u2019ann\u00e9e \u00e9coul\u00e9e, nous avons parcouru 88&rsquo;772 kilom\u00e8tres dans les airs, sur les eaux, sur les routes, sur les rails, sur nos pieds ou m\u00eame \u00e0 dos de cheval, ce qui repr\u00e9sente plus de deux fois le tour de la plan\u00e8te. Nous avons parl\u00e9 diff\u00e9rentes langues, franchi de nombreuses fronti\u00e8res et\u2026 rempli un nombre incalculable de formulaires&nbsp;! Surtout, nous avons eu la chance immense de d\u00e9couvrir d\u2019autres horizons, des modes de vie, des cultures, des saveurs et des paysages dont nous n\u2019imaginions m\u00eame pas l\u2019existence. Nous avons beaucoup appris, tout en prenant encore davantage conscience de l\u2019immensit\u00e9 de notre ignorance.\u00a0 L\u2019\u00e9l\u00e9ment qui restera grav\u00e9 en nous, c\u2019est l\u2019aventure humaine que nous avons v\u00e9cue. Entre nous d\u2019abord, car c\u2019en est une que de partager une ann\u00e9e compl\u00e8te en famille, contraints et n\u00e9anmoins heureux d\u2019\u00eatre ensemble quasiment jour et nuit. Mais aussi avec nos familles, nos amis, rest\u00e9s ici en Suisse, celles et ceux avec qui nous avions l\u2019envie et m\u00eame le besoin d\u2019\u00e9changer malgr\u00e9 la distance. Et enfin, bien \u00e9videmment, l\u2019aventure de ces nouvelles amiti\u00e9s que nous avons nou\u00e9es au cours du voyage, aux quatre coins de la plan\u00e8te. Si nous ramenons tout cela et bien plus encore avec nous ici, nous esp\u00e9rons qu\u2019il restera quelques traces b\u00e9n\u00e9fiques de notre passage l\u00e0-bas, en Tanzanie, au Mexique ou au P\u00e9rou, o\u00f9 nous avons effectu\u00e9 des p\u00e9riodes de volontariat aupr\u00e8s de porteurs de projets locaux. Un immense merci de nous avoir accompagn\u00e9s tout au long de cette grande aventure et \u00e0 tr\u00e8s bient\u00f4t&#8230; en chair et en os!","og_url":"https:\/\/jnk.ch\/voyage\/index.php\/2022\/07\/03\/la-boucle-est-bouclee\/","og_site_name":"La grande aventure...","article_published_time":"2022-07-03T20:51:24+00:00","article_modified_time":"2022-07-03T20:52:45+00:00","og_image":[{"width":1920,"height":2560,"url":"https:\/\/jnk.ch\/voyage\/wp-content\/uploads\/2022\/07\/05045C84-C135-4B00-A7F9-389407F6B59F-scaled.jpeg","type":"image\/jpeg"}],"twitter_card":"summary_large_image","twitter_misc":{"\u00c9crit par":"admin","Dur\u00e9e de lecture estim\u00e9e":"4 minutes"},"schema":{"@context":"https:\/\/schema.org","@graph":[{"@type":"WebSite","@id":"https:\/\/jnk.ch\/voyage\/#website","url":"https:\/\/jnk.ch\/voyage\/","name":"La grande aventure...","description":"Suivez notre p\u00e9riple \u00e0 la d\u00e9couverte du vaste monde!","potentialAction":[{"@type":"SearchAction","target":{"@type":"EntryPoint","urlTemplate":"https:\/\/jnk.ch\/voyage\/?s={search_term_string}"},"query-input":"required name=search_term_string"}],"inLanguage":"fr-FR"},{"@type":"ImageObject","@id":"https:\/\/jnk.ch\/voyage\/index.php\/2022\/07\/03\/la-boucle-est-bouclee\/#primaryimage","inLanguage":"fr-FR","url":"https:\/\/jnk.ch\/voyage\/wp-content\/uploads\/2022\/07\/05045C84-C135-4B00-A7F9-389407F6B59F-scaled.jpeg","contentUrl":"https:\/\/jnk.ch\/voyage\/wp-content\/uploads\/2022\/07\/05045C84-C135-4B00-A7F9-389407F6B59F-scaled.jpeg","width":1920,"height":2560},{"@type":"WebPage","@id":"https:\/\/jnk.ch\/voyage\/index.php\/2022\/07\/03\/la-boucle-est-bouclee\/#webpage","url":"https:\/\/jnk.ch\/voyage\/index.php\/2022\/07\/03\/la-boucle-est-bouclee\/","name":"La boucle est boucl\u00e9e! - La grande aventure...","isPartOf":{"@id":"https:\/\/jnk.ch\/voyage\/#website"},"primaryImageOfPage":{"@id":"https:\/\/jnk.ch\/voyage\/index.php\/2022\/07\/03\/la-boucle-est-bouclee\/#primaryimage"},"datePublished":"2022-07-03T20:51:24+00:00","dateModified":"2022-07-03T20:52:45+00:00","author":{"@id":"https:\/\/jnk.ch\/voyage\/#\/schema\/person\/585b3f403012bd88d128a6c995987a80"},"breadcrumb":{"@id":"https:\/\/jnk.ch\/voyage\/index.php\/2022\/07\/03\/la-boucle-est-bouclee\/#breadcrumb"},"inLanguage":"fr-FR","potentialAction":[{"@type":"ReadAction","target":["https:\/\/jnk.ch\/voyage\/index.php\/2022\/07\/03\/la-boucle-est-bouclee\/"]}]},{"@type":"BreadcrumbList","@id":"https:\/\/jnk.ch\/voyage\/index.php\/2022\/07\/03\/la-boucle-est-bouclee\/#breadcrumb","itemListElement":[{"@type":"ListItem","position":1,"name":"Accueil","item":"https:\/\/jnk.ch\/voyage\/"},{"@type":"ListItem","position":2,"name":"La boucle est boucl\u00e9e!"}]},{"@type":"Person","@id":"https:\/\/jnk.ch\/voyage\/#\/schema\/person\/585b3f403012bd88d128a6c995987a80","name":"admin","sameAs":["https:\/\/jnk.ch\/voyage"],"url":"https:\/\/jnk.ch\/voyage\/index.php\/author\/leskarakash\/"}]}},"_links":{"self":[{"href":"https:\/\/jnk.ch\/voyage\/index.php\/wp-json\/wp\/v2\/posts\/3916","targetHints":{"allow":["GET"]}}],"collection":[{"href":"https:\/\/jnk.ch\/voyage\/index.php\/wp-json\/wp\/v2\/posts"}],"about":[{"href":"https:\/\/jnk.ch\/voyage\/index.php\/wp-json\/wp\/v2\/types\/post"}],"author":[{"embeddable":true,"href":"https:\/\/jnk.ch\/voyage\/index.php\/wp-json\/wp\/v2\/users\/1"}],"replies":[{"embeddable":true,"href":"https:\/\/jnk.ch\/voyage\/index.php\/wp-json\/wp\/v2\/comments?post=3916"}],"version-history":[{"count":4,"href":"https:\/\/jnk.ch\/voyage\/index.php\/wp-json\/wp\/v2\/posts\/3916\/revisions"}],"predecessor-version":[{"id":3927,"href":"https:\/\/jnk.ch\/voyage\/index.php\/wp-json\/wp\/v2\/posts\/3916\/revisions\/3927"}],"wp:featuredmedia":[{"embeddable":true,"href":"https:\/\/jnk.ch\/voyage\/index.php\/wp-json\/wp\/v2\/media\/3917"}],"wp:attachment":[{"href":"https:\/\/jnk.ch\/voyage\/index.php\/wp-json\/wp\/v2\/media?parent=3916"}],"wp:term":[{"taxonomy":"category","embeddable":true,"href":"https:\/\/jnk.ch\/voyage\/index.php\/wp-json\/wp\/v2\/categories?post=3916"},{"taxonomy":"post_tag","embeddable":true,"href":"https:\/\/jnk.ch\/voyage\/index.php\/wp-json\/wp\/v2\/tags?post=3916"}],"curies":[{"name":"wp","href":"https:\/\/api.w.org\/{rel}","templated":true}]}}