{"id":84,"date":"2021-07-13T22:56:48","date_gmt":"2021-07-13T22:56:48","guid":{"rendered":"https:\/\/jnk.ch\/voyage\/?p=84"},"modified":"2021-07-14T08:58:01","modified_gmt":"2021-07-14T08:58:01","slug":"a-bientot-on-vous-aime-fort","status":"publish","type":"post","link":"https:\/\/jnk.ch\/voyage\/index.php\/2021\/07\/13\/a-bientot-on-vous-aime-fort\/","title":{"rendered":"A bient\u00f4t, on vous aime fort!"},"content":{"rendered":"\n<p>Voil\u00e0 des semaines qu\u2019on se dit au revoir avec nos familles, nos amis et nos coll\u00e8gues. Tous vos gentils messages, vos surprises et vos cadeaux nous ont permis de nous pr\u00e9parer au grand d\u00e9part\u2026 jusqu\u2019au dernier ap\u00e9ro surprise auquel nous avons eu droit dimanche \ud83d\ude09 <\/p>\n\n\n\n<p>Cette fois, l\u2019heure est venue, c\u2019est notre derni\u00e8re nuit \u00e0 M\u00f4tiers. Le moment aussi de mettre ce blog en ligne, pour que nous puissions partager un peu de notre grande aventure avec toutes celles et ceux qu\u2019on aime\u2026<\/p>\n\n\n\n<p>Demain, c\u2019est le d\u00e9part, avec un petit comit\u00e9 familial pour nous accompagner jusque sur le quai de la gare. On n\u2019est pas encore partis et vous nous manquez d\u00e9j\u00e0. Gros bisous!!! <\/p>\n\n\n\n<p><\/p>\n","protected":false},"excerpt":{"rendered":"<p>Voil\u00e0 des semaines qu\u2019on se dit au revoir avec nos familles, nos amis et nos coll\u00e8gues. Tous vos gentils messages, vos surprises et vos cadeaux nous ont permis de nous pr\u00e9parer au grand d\u00e9part\u2026 jusqu\u2019au dernier ap\u00e9ro surprise auquel nous avons eu droit dimanche \ud83d\ude09 Cette fois, l\u2019heure est venue, c\u2019est notre derni\u00e8re nuit \u00e0 M\u00f4tiers. Le moment aussi de mettre ce blog en ligne, pour que nous puissions partager un peu de notre grande aventure avec toutes celles et ceux qu\u2019on aime\u2026 Demain, c\u2019est le d\u00e9part, avec un petit comit\u00e9 familial pour nous accompagner jusque sur le quai de la gare. On n\u2019est pas encore partis et vous nous manquez d\u00e9j\u00e0. Gros bisous!!!<\/p>\n","protected":false},"author":1,"featured_media":85,"comment_status":"closed","ping_status":"closed","sticky":false,"template":"","format":"standard","meta":{"footnotes":""},"categories":[1],"tags":[],"class_list":["post-84","post","type-post","status-publish","format-standard","has-post-thumbnail","hentry","category-etapesdevoyage"],"yoast_head":"<!-- This site is optimized with the Yoast SEO plugin v18.5.1 - https:\/\/yoast.com\/wordpress\/plugins\/seo\/ -->\n<title>A bient\u00f4t, on vous aime fort! - La grande aventure...<\/title>\n<meta name=\"robots\" content=\"noindex, follow\" \/>\n<meta property=\"og:locale\" content=\"fr_FR\" \/>\n<meta property=\"og:type\" content=\"article\" \/>\n<meta property=\"og:title\" content=\"A bient\u00f4t, on vous aime fort! - La grande aventure...\" \/>\n<meta property=\"og:description\" content=\"Voil\u00e0 des semaines qu\u2019on se dit au revoir avec nos familles, nos amis et nos coll\u00e8gues. Tous vos gentils messages, vos surprises et vos cadeaux nous ont permis de nous pr\u00e9parer au grand d\u00e9part\u2026 jusqu\u2019au dernier ap\u00e9ro surprise auquel nous avons eu droit dimanche \ud83d\ude09 Cette fois, l\u2019heure est venue, c\u2019est notre derni\u00e8re nuit \u00e0 M\u00f4tiers. Le moment aussi de mettre ce blog en ligne, pour que nous puissions partager un peu de notre grande aventure avec toutes celles et ceux qu\u2019on aime\u2026 Demain, c\u2019est le d\u00e9part, avec un petit comit\u00e9 familial pour nous accompagner jusque sur le quai de la gare. On n\u2019est pas encore partis et vous nous manquez d\u00e9j\u00e0. Gros bisous!!!\" \/>\n<meta property=\"og:url\" content=\"https:\/\/jnk.ch\/voyage\/index.php\/2021\/07\/13\/a-bientot-on-vous-aime-fort\/\" \/>\n<meta property=\"og:site_name\" content=\"La grande aventure...\" \/>\n<meta property=\"article:published_time\" content=\"2021-07-13T22:56:48+00:00\" \/>\n<meta property=\"article:modified_time\" content=\"2021-07-14T08:58:01+00:00\" \/>\n<meta property=\"og:image\" content=\"https:\/\/jnk.ch\/voyage\/wp-content\/uploads\/2021\/07\/140A2B7D-A9E6-4A9E-8772-26F4F7D13B15-scaled.jpeg\" \/>\n\t<meta property=\"og:image:width\" content=\"2560\" \/>\n\t<meta property=\"og:image:height\" content=\"1260\" \/>\n\t<meta property=\"og:image:type\" content=\"image\/jpeg\" \/>\n<meta name=\"twitter:card\" content=\"summary_large_image\" \/>\n<meta name=\"twitter:label1\" content=\"\u00c9crit par\" \/>\n\t<meta name=\"twitter:data1\" content=\"admin\" \/>\n\t<meta name=\"twitter:label2\" content=\"Dur\u00e9e de lecture estim\u00e9e\" \/>\n\t<meta name=\"twitter:data2\" content=\"1 minute\" \/>\n<script type=\"application\/ld+json\" class=\"yoast-schema-graph\">{\"@context\":\"https:\/\/schema.org\",\"@graph\":[{\"@type\":\"WebSite\",\"@id\":\"https:\/\/jnk.ch\/voyage\/#website\",\"url\":\"https:\/\/jnk.ch\/voyage\/\",\"name\":\"La grande aventure...\",\"description\":\"Suivez notre p\u00e9riple \u00e0 la d\u00e9couverte du vaste monde!\",\"potentialAction\":[{\"@type\":\"SearchAction\",\"target\":{\"@type\":\"EntryPoint\",\"urlTemplate\":\"https:\/\/jnk.ch\/voyage\/?s={search_term_string}\"},\"query-input\":\"required name=search_term_string\"}],\"inLanguage\":\"fr-FR\"},{\"@type\":\"ImageObject\",\"@id\":\"https:\/\/jnk.ch\/voyage\/index.php\/2021\/07\/13\/a-bientot-on-vous-aime-fort\/#primaryimage\",\"inLanguage\":\"fr-FR\",\"url\":\"https:\/\/jnk.ch\/voyage\/wp-content\/uploads\/2021\/07\/140A2B7D-A9E6-4A9E-8772-26F4F7D13B15-scaled.jpeg\",\"contentUrl\":\"https:\/\/jnk.ch\/voyage\/wp-content\/uploads\/2021\/07\/140A2B7D-A9E6-4A9E-8772-26F4F7D13B15-scaled.jpeg\",\"width\":2560,\"height\":1260},{\"@type\":\"WebPage\",\"@id\":\"https:\/\/jnk.ch\/voyage\/index.php\/2021\/07\/13\/a-bientot-on-vous-aime-fort\/#webpage\",\"url\":\"https:\/\/jnk.ch\/voyage\/index.php\/2021\/07\/13\/a-bientot-on-vous-aime-fort\/\",\"name\":\"A bient\u00f4t, on vous aime fort! - La grande aventure...\",\"isPartOf\":{\"@id\":\"https:\/\/jnk.ch\/voyage\/#website\"},\"primaryImageOfPage\":{\"@id\":\"https:\/\/jnk.ch\/voyage\/index.php\/2021\/07\/13\/a-bientot-on-vous-aime-fort\/#primaryimage\"},\"datePublished\":\"2021-07-13T22:56:48+00:00\",\"dateModified\":\"2021-07-14T08:58:01+00:00\",\"author\":{\"@id\":\"https:\/\/jnk.ch\/voyage\/#\/schema\/person\/585b3f403012bd88d128a6c995987a80\"},\"breadcrumb\":{\"@id\":\"https:\/\/jnk.ch\/voyage\/index.php\/2021\/07\/13\/a-bientot-on-vous-aime-fort\/#breadcrumb\"},\"inLanguage\":\"fr-FR\",\"potentialAction\":[{\"@type\":\"ReadAction\",\"target\":[\"https:\/\/jnk.ch\/voyage\/index.php\/2021\/07\/13\/a-bientot-on-vous-aime-fort\/\"]}]},{\"@type\":\"BreadcrumbList\",\"@id\":\"https:\/\/jnk.ch\/voyage\/index.php\/2021\/07\/13\/a-bientot-on-vous-aime-fort\/#breadcrumb\",\"itemListElement\":[{\"@type\":\"ListItem\",\"position\":1,\"name\":\"Accueil\",\"item\":\"https:\/\/jnk.ch\/voyage\/\"},{\"@type\":\"ListItem\",\"position\":2,\"name\":\"A bient\u00f4t, on vous aime fort!\"}]},{\"@type\":\"Person\",\"@id\":\"https:\/\/jnk.ch\/voyage\/#\/schema\/person\/585b3f403012bd88d128a6c995987a80\",\"name\":\"admin\",\"sameAs\":[\"https:\/\/jnk.ch\/voyage\"],\"url\":\"https:\/\/jnk.ch\/voyage\/index.php\/author\/leskarakash\/\"}]}<\/script>\n<!-- \/ Yoast SEO plugin. -->","yoast_head_json":{"title":"A bient\u00f4t, on vous aime fort! - La grande aventure...","robots":{"index":"noindex","follow":"follow"},"og_locale":"fr_FR","og_type":"article","og_title":"A bient\u00f4t, on vous aime fort! - La grande aventure...","og_description":"Voil\u00e0 des semaines qu\u2019on se dit au revoir avec nos familles, nos amis et nos coll\u00e8gues. Tous vos gentils messages, vos surprises et vos cadeaux nous ont permis de nous pr\u00e9parer au grand d\u00e9part\u2026 jusqu\u2019au dernier ap\u00e9ro surprise auquel nous avons eu droit dimanche \ud83d\ude09 Cette fois, l\u2019heure est venue, c\u2019est notre derni\u00e8re nuit \u00e0 M\u00f4tiers. Le moment aussi de mettre ce blog en ligne, pour que nous puissions partager un peu de notre grande aventure avec toutes celles et ceux qu\u2019on aime\u2026 Demain, c\u2019est le d\u00e9part, avec un petit comit\u00e9 familial pour nous accompagner jusque sur le quai de la gare. On n\u2019est pas encore partis et vous nous manquez d\u00e9j\u00e0. Gros bisous!!!","og_url":"https:\/\/jnk.ch\/voyage\/index.php\/2021\/07\/13\/a-bientot-on-vous-aime-fort\/","og_site_name":"La grande aventure...","article_published_time":"2021-07-13T22:56:48+00:00","article_modified_time":"2021-07-14T08:58:01+00:00","og_image":[{"width":2560,"height":1260,"url":"https:\/\/jnk.ch\/voyage\/wp-content\/uploads\/2021\/07\/140A2B7D-A9E6-4A9E-8772-26F4F7D13B15-scaled.jpeg","type":"image\/jpeg"}],"twitter_card":"summary_large_image","twitter_misc":{"\u00c9crit par":"admin","Dur\u00e9e de lecture estim\u00e9e":"1 minute"},"schema":{"@context":"https:\/\/schema.org","@graph":[{"@type":"WebSite","@id":"https:\/\/jnk.ch\/voyage\/#website","url":"https:\/\/jnk.ch\/voyage\/","name":"La grande aventure...","description":"Suivez notre p\u00e9riple \u00e0 la d\u00e9couverte du vaste monde!","potentialAction":[{"@type":"SearchAction","target":{"@type":"EntryPoint","urlTemplate":"https:\/\/jnk.ch\/voyage\/?s={search_term_string}"},"query-input":"required name=search_term_string"}],"inLanguage":"fr-FR"},{"@type":"ImageObject","@id":"https:\/\/jnk.ch\/voyage\/index.php\/2021\/07\/13\/a-bientot-on-vous-aime-fort\/#primaryimage","inLanguage":"fr-FR","url":"https:\/\/jnk.ch\/voyage\/wp-content\/uploads\/2021\/07\/140A2B7D-A9E6-4A9E-8772-26F4F7D13B15-scaled.jpeg","contentUrl":"https:\/\/jnk.ch\/voyage\/wp-content\/uploads\/2021\/07\/140A2B7D-A9E6-4A9E-8772-26F4F7D13B15-scaled.jpeg","width":2560,"height":1260},{"@type":"WebPage","@id":"https:\/\/jnk.ch\/voyage\/index.php\/2021\/07\/13\/a-bientot-on-vous-aime-fort\/#webpage","url":"https:\/\/jnk.ch\/voyage\/index.php\/2021\/07\/13\/a-bientot-on-vous-aime-fort\/","name":"A bient\u00f4t, on vous aime fort! - La grande aventure...","isPartOf":{"@id":"https:\/\/jnk.ch\/voyage\/#website"},"primaryImageOfPage":{"@id":"https:\/\/jnk.ch\/voyage\/index.php\/2021\/07\/13\/a-bientot-on-vous-aime-fort\/#primaryimage"},"datePublished":"2021-07-13T22:56:48+00:00","dateModified":"2021-07-14T08:58:01+00:00","author":{"@id":"https:\/\/jnk.ch\/voyage\/#\/schema\/person\/585b3f403012bd88d128a6c995987a80"},"breadcrumb":{"@id":"https:\/\/jnk.ch\/voyage\/index.php\/2021\/07\/13\/a-bientot-on-vous-aime-fort\/#breadcrumb"},"inLanguage":"fr-FR","potentialAction":[{"@type":"ReadAction","target":["https:\/\/jnk.ch\/voyage\/index.php\/2021\/07\/13\/a-bientot-on-vous-aime-fort\/"]}]},{"@type":"BreadcrumbList","@id":"https:\/\/jnk.ch\/voyage\/index.php\/2021\/07\/13\/a-bientot-on-vous-aime-fort\/#breadcrumb","itemListElement":[{"@type":"ListItem","position":1,"name":"Accueil","item":"https:\/\/jnk.ch\/voyage\/"},{"@type":"ListItem","position":2,"name":"A bient\u00f4t, on vous aime fort!"}]},{"@type":"Person","@id":"https:\/\/jnk.ch\/voyage\/#\/schema\/person\/585b3f403012bd88d128a6c995987a80","name":"admin","sameAs":["https:\/\/jnk.ch\/voyage"],"url":"https:\/\/jnk.ch\/voyage\/index.php\/author\/leskarakash\/"}]}},"_links":{"self":[{"href":"https:\/\/jnk.ch\/voyage\/index.php\/wp-json\/wp\/v2\/posts\/84","targetHints":{"allow":["GET"]}}],"collection":[{"href":"https:\/\/jnk.ch\/voyage\/index.php\/wp-json\/wp\/v2\/posts"}],"about":[{"href":"https:\/\/jnk.ch\/voyage\/index.php\/wp-json\/wp\/v2\/types\/post"}],"author":[{"embeddable":true,"href":"https:\/\/jnk.ch\/voyage\/index.php\/wp-json\/wp\/v2\/users\/1"}],"replies":[{"embeddable":true,"href":"https:\/\/jnk.ch\/voyage\/index.php\/wp-json\/wp\/v2\/comments?post=84"}],"version-history":[{"count":2,"href":"https:\/\/jnk.ch\/voyage\/index.php\/wp-json\/wp\/v2\/posts\/84\/revisions"}],"predecessor-version":[{"id":87,"href":"https:\/\/jnk.ch\/voyage\/index.php\/wp-json\/wp\/v2\/posts\/84\/revisions\/87"}],"wp:featuredmedia":[{"embeddable":true,"href":"https:\/\/jnk.ch\/voyage\/index.php\/wp-json\/wp\/v2\/media\/85"}],"wp:attachment":[{"href":"https:\/\/jnk.ch\/voyage\/index.php\/wp-json\/wp\/v2\/media?parent=84"}],"wp:term":[{"taxonomy":"category","embeddable":true,"href":"https:\/\/jnk.ch\/voyage\/index.php\/wp-json\/wp\/v2\/categories?post=84"},{"taxonomy":"post_tag","embeddable":true,"href":"https:\/\/jnk.ch\/voyage\/index.php\/wp-json\/wp\/v2\/tags?post=84"}],"curies":[{"name":"wp","href":"https:\/\/api.w.org\/{rel}","templated":true}]}}